{"id":41989,"date":"2022-06-04T07:58:51","date_gmt":"2022-06-04T12:58:51","guid":{"rendered":"http:\/\/www.zonaroja.com.mx\/?p=41989"},"modified":"2022-06-04T07:58:53","modified_gmt":"2022-06-04T12:58:53","slug":"oaxaca-registra-el-50-de-las-agresiones-en-proceso-electoral-2022-en-mexico","status":"publish","type":"post","link":"https:\/\/zonaroja.com.mx\/?p=41989","title":{"rendered":"Oaxaca registra el 50% de las agresiones en proceso electoral 2022 en M\u00e9xico"},"content":{"rendered":"\n<p>Yuridiana Sosa\/Zona Roja.<\/p>\n\n\n\n<p>Oaxaca de Ju\u00e1rez, Oax., 4 de junio de 2022.- Oaxaca registra el mayor n\u00famero de casos por agresiones contra personas pol\u00edticas durante el proceso electoral 2021-2022, con 43 de las 85 agresiones en M\u00e9xico, report\u00f3 la Consultor\u00eda Etellekt.<\/p>\n\n\n\n<p>En esta cifra no se contempla el asesinato de Carlos Eduardo L\u00f3pez Mart\u00ednez, militante de Morena asesinado ayer por la tarde en Juchit\u00e1n y que colaborador en campa\u00f1a del candidato a gobernador Salom\u00f3n Jara Cruz, as\u00ed como cercano al edil Emilio Montero y al ex edil de San Blas Atempa, Antonino Morales.<\/p>\n\n\n\n<p>En el informe de Violencia Pol\u00edtica, proceso electoral 2022, de dicha consultor\u00eda, se dio cuenta del escenario que vive la entidad oaxaque\u00f1a previo al 5 de junio para la elecci\u00f3n de la renovaci\u00f3n de la gubernatura.<\/p>\n\n\n\n<p>De las 43 agresiones contra pol\u00edticos en Oaxaca, tres corresponden a precandidatos o candidatos, apunt\u00f3 el reporte otorgado por el director de Etellekt, Rub\u00e9n Salazar, a medios nacionales.<\/p>\n\n\n\n<p>Sobre los hechos registrados a nivel nacional, 11 ocurrieron en Tamaulipas, nueve en Hidalgo, tres en Aguascalientes al igual que en Durango y 16 en Quintana Roo.<\/p>\n\n\n\n<p>Por cargos, entre septiembre de 2021 a mayo de 2022, 26 de las 85 agresiones ocurrieron contra alcaldes; ocho contra militantes; siete contra candidatos en el proceso actual; siete contra candidatos en otros procesos; siete contra regidores y cinco fueron contra ex alcaldes.<\/p>\n\n\n\n<p>Adem\u00e1s, por tipo de agresiones, 21 fueron amenazas; 14 por intervenciones de comunicaciones; 10 privaci\u00f3n ilegal de la libertad; ocho atentados contra familiares; siete en homicidio en tentativa; siete homicidios dolosos; cinco da\u00f1os a la propiedad; en seis casos lesiones, en dos hubo ataques contra colaboradores, entre otros con menor cifra.<\/p>\n\n\n\n<p>El informe pasado del proceso electoral 2020-2021 la Consultor\u00eda Etellekt inform\u00f3 que fue uno de los m\u00e1s violentos en M\u00e9xico, en el que Oaxaca ocup\u00f3 el tercer lugar con m\u00e1s asesinatos de pol\u00edticos y servidores p\u00fablicos sin militancia, con un total de 16 homicidios.&nbsp;<\/p>\n","protected":false},"excerpt":{"rendered":"<p>Yuridiana Sosa\/Zona Roja. Oaxaca de Ju\u00e1rez, Oax., 4 de junio de 2022.- Oaxaca registra el&hellip;<\/p>\n","protected":false},"author":2,"featured_media":41990,"comment_status":"closed","ping_status":"open","sticky":false,"template":"","format":"standard","meta":{"_lmt_disableupdate":"","_lmt_disable":"","_jetpack_memberships_contains_paid_content":false,"footnotes":""},"categories":[109,47],"tags":[1171],"class_list":["post-41989","post","type-post","status-publish","format-standard","has-post-thumbnail","hentry","category-minuto-a-minuto","category-zona-gris","tag-etellekt-consultores"],"jetpack_featured_media_url":"https:\/\/zonaroja.com.mx\/wp-content\/uploads\/2022\/06\/Asesinado-Carlos-Eduardo-Lopez-Martinez-Juchitan.jpg","jetpack_sharing_enabled":true,"_links":{"self":[{"href":"https:\/\/zonaroja.com.mx\/index.php?rest_route=\/wp\/v2\/posts\/41989","targetHints":{"allow":["GET"]}}],"collection":[{"href":"https:\/\/zonaroja.com.mx\/index.php?rest_route=\/wp\/v2\/posts"}],"about":[{"href":"https:\/\/zonaroja.com.mx\/index.php?rest_route=\/wp\/v2\/types\/post"}],"author":[{"embeddable":true,"href":"https:\/\/zonaroja.com.mx\/index.php?rest_route=\/wp\/v2\/users\/2"}],"replies":[{"embeddable":true,"href":"https:\/\/zonaroja.com.mx\/index.php?rest_route=%2Fwp%2Fv2%2Fcomments&post=41989"}],"version-history":[{"count":1,"href":"https:\/\/zonaroja.com.mx\/index.php?rest_route=\/wp\/v2\/posts\/41989\/revisions"}],"predecessor-version":[{"id":41991,"href":"https:\/\/zonaroja.com.mx\/index.php?rest_route=\/wp\/v2\/posts\/41989\/revisions\/41991"}],"wp:featuredmedia":[{"embeddable":true,"href":"https:\/\/zonaroja.com.mx\/index.php?rest_route=\/wp\/v2\/media\/41990"}],"wp:attachment":[{"href":"https:\/\/zonaroja.com.mx\/index.php?rest_route=%2Fwp%2Fv2%2Fmedia&parent=41989"}],"wp:term":[{"taxonomy":"category","embeddable":true,"href":"https:\/\/zonaroja.com.mx\/index.php?rest_route=%2Fwp%2Fv2%2Fcategories&post=41989"},{"taxonomy":"post_tag","embeddable":true,"href":"https:\/\/zonaroja.com.mx\/index.php?rest_route=%2Fwp%2Fv2%2Ftags&post=41989"}],"curies":[{"name":"wp","href":"https:\/\/api.w.org\/{rel}","templated":true}]}}