{"id":41998,"date":"2022-06-04T17:07:17","date_gmt":"2022-06-04T22:07:17","guid":{"rendered":"http:\/\/www.zonaroja.com.mx\/?p=41998"},"modified":"2022-06-04T17:07:18","modified_gmt":"2022-06-04T22:07:18","slug":"aseguran-en-santa-lucia-del-camino-a-10-migrantes-centroamericanos","status":"publish","type":"post","link":"https:\/\/zonaroja.com.mx\/?p=41998","title":{"rendered":"Aseguran en Santa Luc\u00eda del Camino a 10 migrantes centroamericanos"},"content":{"rendered":"\n<p>Redacci\u00f3n\/Zona Roja.<\/p>\n\n\n\n<p>Oaxaca de Ju\u00e1rez, Oax., 4 de junio de 2022.- En un trabajo coordinado con la Fiscal\u00eda General de la Rep\u00fablica (FGR) y el Instituto Nacional de Migraci\u00f3n (INM), elementos de Seguridad P\u00fablica y Polic\u00eda Vial de Santa Luc\u00eda del Camino aseguraron a 10 personas que transitaban de manera ilegal por nuestro municipio.<\/p>\n\n\n\n<p>Los hechos se registraron este viernes 3 de junio de 2022 en la Cuarta Privada de Verona, en la colonia Roma de la demarcaci\u00f3n municipal, donde ingresaron a un motel en que se report\u00f3 la presencia de personas indocumentadas.<\/p>\n\n\n\n<p>En el lugar antes mencionado, los elementos de migraci\u00f3n identificaron a cinco personas de origen nicarag\u00fcense, cuatro de origen guatemalteco y un hondure\u00f1o, de los cuales, ninguno contaba con documentaci\u00f3n legal para transitar por el pa\u00eds.<\/p>\n\n\n\n<p>Por tal motivo, los 10 migrantes fueron trasladados a las oficinas de Migraci\u00f3n, con apoyo de las fuerzas de Seguridad P\u00fablica de Santa Luc\u00eda del Camino, quienes refrendaron su compromiso de seguir trabajando por un ambiente de paz y seguridad en el municipio.<\/p>\n\n\n\n<p>DETENIDO CON ARMA<\/p>\n\n\n\n<p>Por otra parte, elementos de la Polic\u00eda Municipal de Santa Luc\u00eda del Camino que realizaban sus labores de vigilancia y seguridad, detuvieron a Doroteo L. L., por el delito de portaci\u00f3n ilegal de un arma de fuego.<\/p>\n\n\n\n<p>Los hechos tuvieron lugar en la avenida Ferrocarril, esquina con la calle Independencia de la colonia Felipe Carrillo Puerto del municipio, donde los uniformados visualizaron una camioneta marca Nissan tipo Pick-up de color blanco.<\/p>\n\n\n\n<p>El conductor de la mencionada unidad de motor, tom\u00f3 una actitud evasiva al detectar la presencia de los cuerpos de seguridad, por lo que \u00e9stos le marcaron el alto para realizar una inspecci\u00f3n; fue ah\u00ed cuando el hombre de 37 a\u00f1os de edad se mostr\u00f3 nervioso y agresivo.<\/p>\n\n\n\n<p>Al descender de la unidad, los polic\u00edas municipales procedieron a inspeccionar la camioneta, momento en el que detectaron un arma de fuego, as\u00ed como tres cartuchos \u00fatiles de calibre 20.<\/p>\n\n\n\n<p>Al ser cuestionado sobre la documentaci\u00f3n reglamentaria para la portaci\u00f3n de dicha arma, el sujeto confirm\u00f3 no contar con la misma, as\u00ed que los elementos de seguridad procedieron a su detenci\u00f3n, al igual que el aseguramiento de la camioneta y el arma de fuego tipo rev\u00f3lver de calibre 22; posteriormente, fueron puestos a disposici\u00f3n de la Fiscal\u00eda General de la Rep\u00fablica (FGR).<\/p>\n","protected":false},"excerpt":{"rendered":"<p>Redacci\u00f3n\/Zona Roja. Oaxaca de Ju\u00e1rez, Oax., 4 de junio de 2022.- En un trabajo coordinado&hellip;<\/p>\n","protected":false},"author":2,"featured_media":41999,"comment_status":"closed","ping_status":"open","sticky":false,"template":"","format":"standard","meta":{"_lmt_disableupdate":"","_lmt_disable":"","_jetpack_memberships_contains_paid_content":false,"footnotes":""},"categories":[109,46],"tags":[337],"class_list":["post-41998","post","type-post","status-publish","format-standard","has-post-thumbnail","hentry","category-minuto-a-minuto","category-zona-blanca","tag-santa-lucia-del-camino"],"jetpack_featured_media_url":"https:\/\/zonaroja.com.mx\/wp-content\/uploads\/2022\/06\/Migrantes-Santa-Lucia-del-Camino.jpg","jetpack_sharing_enabled":true,"_links":{"self":[{"href":"https:\/\/zonaroja.com.mx\/index.php?rest_route=\/wp\/v2\/posts\/41998","targetHints":{"allow":["GET"]}}],"collection":[{"href":"https:\/\/zonaroja.com.mx\/index.php?rest_route=\/wp\/v2\/posts"}],"about":[{"href":"https:\/\/zonaroja.com.mx\/index.php?rest_route=\/wp\/v2\/types\/post"}],"author":[{"embeddable":true,"href":"https:\/\/zonaroja.com.mx\/index.php?rest_route=\/wp\/v2\/users\/2"}],"replies":[{"embeddable":true,"href":"https:\/\/zonaroja.com.mx\/index.php?rest_route=%2Fwp%2Fv2%2Fcomments&post=41998"}],"version-history":[{"count":1,"href":"https:\/\/zonaroja.com.mx\/index.php?rest_route=\/wp\/v2\/posts\/41998\/revisions"}],"predecessor-version":[{"id":42000,"href":"https:\/\/zonaroja.com.mx\/index.php?rest_route=\/wp\/v2\/posts\/41998\/revisions\/42000"}],"wp:featuredmedia":[{"embeddable":true,"href":"https:\/\/zonaroja.com.mx\/index.php?rest_route=\/wp\/v2\/media\/41999"}],"wp:attachment":[{"href":"https:\/\/zonaroja.com.mx\/index.php?rest_route=%2Fwp%2Fv2%2Fmedia&parent=41998"}],"wp:term":[{"taxonomy":"category","embeddable":true,"href":"https:\/\/zonaroja.com.mx\/index.php?rest_route=%2Fwp%2Fv2%2Fcategories&post=41998"},{"taxonomy":"post_tag","embeddable":true,"href":"https:\/\/zonaroja.com.mx\/index.php?rest_route=%2Fwp%2Fv2%2Ftags&post=41998"}],"curies":[{"name":"wp","href":"https:\/\/api.w.org\/{rel}","templated":true}]}}