{"id":42006,"date":"2022-06-04T17:42:34","date_gmt":"2022-06-04T22:42:34","guid":{"rendered":"http:\/\/www.zonaroja.com.mx\/?p=42006"},"modified":"2022-06-04T17:42:36","modified_gmt":"2022-06-04T22:42:36","slug":"pri-y-morena-en-la-recta-final-por-oaxaca","status":"publish","type":"post","link":"https:\/\/zonaroja.com.mx\/?p=42006","title":{"rendered":"PRI y Morena, en la recta final por Oaxaca"},"content":{"rendered":"\n<p>Redacci\u00f3n\/Zona Roja Cdmx.<\/p>\n\n\n\n<p>Ciudad de M\u00e9xico, 4 de junio de 2022.- La disputa por la gubernatura tiene como principales personajes a Salom\u00f3n Jara, surgido de la Uni\u00f3n Campesina Democr\u00e1tica \u2013dedicada en sus or\u00edgenes a los bloqueos para exigir recursos\u2013, y Alejandro Avil\u00e9s, pol\u00edtico de bajo perfil cercano a Ulises Ruiz e impuesto como candidato por el dirigente nacional del Partido Revolucionario Institucional (PRI), Alejandro Moreno C\u00e1rdenas.<\/p>\n\n\n\n<p>A diferencia de otros estados, y en una decisi\u00f3n que motiv\u00f3 la sospecha entre los pri\u00edstas, \u201cAlito\u201d rechaz\u00f3 una alianza con Acci\u00f3n Nacional (PAN). Adem\u00e1s, Natividad D\u00edaz Jim\u00e9nez, quien controla el partido en la entidad, se mantuvo hasta el final como candidata panista, a pesar de que diversos personeros del tricolor y el propio Avil\u00e9s le exigieron declinar. \u201cTendr\u00eda que haber una muy buena negociaci\u00f3n\u201d, dijo la aspirante en un desliz declarativo durante una conferencia de prensa, apenas el 26 de mayo.<\/p>\n\n\n\n<p>HISTORIA SABIDA<\/p>\n\n\n\n<p>La historia de la imposici\u00f3n de Avil\u00e9s se cuenta con amplitud en Oaxaca. Uno de los dos aspirantes era Francisco \u00c1ngel Villarreal, ex director del Instituto Estatal de Educaci\u00f3n P\u00fablica de Oaxaca, y a quien se concede p\u00fablicamente la atenci\u00f3n a las demandas del magisterio, en contraste con los sexenios de Ulises Ruiz y Gabino Cu\u00e9. Tambi\u00e9n se inclu\u00eda a Germ\u00e1n Espinosa Santib\u00e1\u00f1ez, ex secretario de Administraci\u00f3n.<\/p>\n\n\n\n<p>Un d\u00eda antes de tomar la decisi\u00f3n, ambos fueron citados por \u201cAlito\u201d a la sede nacional del PRI. Cuando llegaron, en la oficina ya estaba Avil\u00e9s, entonces coordinador de la bancada pri\u00edsta en el Congreso del Estado y quien fue defenestrado de su cargo como secretario de Gobierno al inicio de la actual administraci\u00f3n, cuando se detect\u00f3 que, para vacacionar en Puerto Escondido, uno de sus hijos utiliz\u00f3 como taxi a\u00e9reo un helic\u00f3ptero oficial.<\/p>\n\n\n\n<p>En su equipo de campa\u00f1a abundan amigos de Ulises Ruiz: Eviel P\u00e9rez Maga\u00f1a, ex candidato a la gubernatura, que perdi\u00f3 ante Cu\u00e9; Jos\u00e9 Antonio Hern\u00e1ndez Fraguas, secretario de Administraci\u00f3n en ese gobierno; Marco Antonio Cuevas, ex funcionario en Gobierno y actual coordinador de campa\u00f1a, y Javier Villaca\u00f1a, dirigente estatal del PRI.<\/p>\n\n\n\n<p>DIVISI\u00d3N<\/p>\n\n\n\n<p>Jara, en tanto, se agreg\u00f3 al movimiento de Andr\u00e9s Manuel L\u00f3pez Obrador desde la precampa\u00f1a de 2005, cuando era diputado local por el Partido de la Revoluci\u00f3n Democr\u00e1tica. A petici\u00f3n de Jara, el fot\u00f3grafo Tom\u00e1s Mart\u00ednez los present\u00f3 el 18 de noviembre de ese a\u00f1o, despu\u00e9s de un mitin del ex jefe de gobierno capitalino en Huajuapan de Le\u00f3n.<\/p>\n\n\n\n<p>El senador con licencia enfrenta, no obstante, una divisi\u00f3n en Morena, que se acentu\u00f3 cuando la c\u00fapula dej\u00f3 fuera de la competencia a la senadora Susana Harp, y tiene entre su equipo de campa\u00f1a a pol\u00edticos como Samuel Gurri\u00f3n Mat\u00edas, que ha saltado por todos los partidos. Una de sus simpatizantes es Beatriz Rodr\u00edguez Casasnovas, ex titular de Turismo en el sexenio de Ulises Ruiz.<\/p>\n\n\n\n<p>Este viernes, en v\u00edsperas de la elecci\u00f3n, las autoridades electorales llamaron a que, m\u00e1s all\u00e1 del proceso, se restablezca la comunicaci\u00f3n en las poblaciones aisladas por el hurac\u00e1n Agatha, as\u00ed como la resoluci\u00f3n de tres bloqueos carreteros que pueden derivar en \u201cpuntos de conflicto\u201d que compliquen la recolecci\u00f3n de paquetes electorales.<\/p>\n\n\n\n<p>(Informaci\u00f3n de \u201cLa Jornada\u201d)<\/p>\n\n\n\n<figure class=\"wp-block-embed\"><div class=\"wp-block-embed__wrapper\">\nhttps:\/\/www.jornada.com.mx\/2022\/06\/04\/politica\/006n1pol\n<\/div><\/figure>\n","protected":false},"excerpt":{"rendered":"<p>Redacci\u00f3n\/Zona Roja Cdmx. Ciudad de M\u00e9xico, 4 de junio de 2022.- La disputa por la&hellip;<\/p>\n","protected":false},"author":2,"featured_media":27827,"comment_status":"closed","ping_status":"open","sticky":false,"template":"","format":"standard","meta":{"_lmt_disableupdate":"","_lmt_disable":"","_jetpack_memberships_contains_paid_content":false,"footnotes":""},"categories":[109,46],"tags":[2879],"class_list":["post-42006","post","type-post","status-publish","format-standard","has-post-thumbnail","hentry","category-minuto-a-minuto","category-zona-blanca","tag-elecciones-oaxaca-2022"],"jetpack_featured_media_url":"https:\/\/zonaroja.com.mx\/wp-content\/uploads\/2021\/05\/Elecciones-Mexico-1.jpg","jetpack_sharing_enabled":true,"_links":{"self":[{"href":"https:\/\/zonaroja.com.mx\/index.php?rest_route=\/wp\/v2\/posts\/42006","targetHints":{"allow":["GET"]}}],"collection":[{"href":"https:\/\/zonaroja.com.mx\/index.php?rest_route=\/wp\/v2\/posts"}],"about":[{"href":"https:\/\/zonaroja.com.mx\/index.php?rest_route=\/wp\/v2\/types\/post"}],"author":[{"embeddable":true,"href":"https:\/\/zonaroja.com.mx\/index.php?rest_route=\/wp\/v2\/users\/2"}],"replies":[{"embeddable":true,"href":"https:\/\/zonaroja.com.mx\/index.php?rest_route=%2Fwp%2Fv2%2Fcomments&post=42006"}],"version-history":[{"count":1,"href":"https:\/\/zonaroja.com.mx\/index.php?rest_route=\/wp\/v2\/posts\/42006\/revisions"}],"predecessor-version":[{"id":42007,"href":"https:\/\/zonaroja.com.mx\/index.php?rest_route=\/wp\/v2\/posts\/42006\/revisions\/42007"}],"wp:featuredmedia":[{"embeddable":true,"href":"https:\/\/zonaroja.com.mx\/index.php?rest_route=\/wp\/v2\/media\/27827"}],"wp:attachment":[{"href":"https:\/\/zonaroja.com.mx\/index.php?rest_route=%2Fwp%2Fv2%2Fmedia&parent=42006"}],"wp:term":[{"taxonomy":"category","embeddable":true,"href":"https:\/\/zonaroja.com.mx\/index.php?rest_route=%2Fwp%2Fv2%2Fcategories&post=42006"},{"taxonomy":"post_tag","embeddable":true,"href":"https:\/\/zonaroja.com.mx\/index.php?rest_route=%2Fwp%2Fv2%2Ftags&post=42006"}],"curies":[{"name":"wp","href":"https:\/\/api.w.org\/{rel}","templated":true}]}}