{"id":42008,"date":"2022-06-04T18:02:02","date_gmt":"2022-06-04T23:02:02","guid":{"rendered":"http:\/\/www.zonaroja.com.mx\/?p=42008"},"modified":"2022-06-04T18:02:04","modified_gmt":"2022-06-04T23:02:04","slug":"a-escasas-horas-para-elecciones-en-oaxaca-permanecen-bloqueos-carreteros","status":"publish","type":"post","link":"https:\/\/zonaroja.com.mx\/?p=42008","title":{"rendered":"A escasas horas para elecciones en Oaxaca, permanecen bloqueos carreteros"},"content":{"rendered":"\n<p>Redacci\u00f3n\/Zona Roja.<\/p>\n\n\n\n<p>Oaxaca de Ju\u00e1rez, Oax., 4 de junio de 2022.- A unas horas de iniciar la jornada electoral el Oaxaca, para elegir titular de la gubernatura, permanecen dos bloqueos carreteros en la regi\u00f3n del Istmo.<\/p>\n\n\n\n<p>En tanto, el cierre vial de la v\u00eda federal 200 en la Costa, finalmente fue retirado anoche tras la atenci\u00f3n de las autoridades municipales.<\/p>\n\n\n\n<p>En el kil\u00f3metro195 la carretera Trans\u00edstimica, a la altura de un hotel del municipio de Mat\u00edas Romero Avenda\u00f1o, permanece por sexto d\u00eda el bloqueo por parte de cuatro agencias del municipio de San Juan Mazatl\u00e1n Mixe.<\/p>\n\n\n\n<p>Anoche cometieron diversos actos vand\u00e1licos, entre ellos retenci\u00f3n de camiones y robos de mercanc\u00edas.<\/p>\n\n\n\n<p>Tras ello, por la ma\u00f1ana habr\u00edan alcanzado los primeros acuerdos para liberar la vialidad, pero hasta esta tarde permanecen en la cinta asf\u00e1ltica, mientras que moradores de Mat\u00edas Romero tambi\u00e9n les colocaron sus propios bloqueos para \u201cencapsularlos\u201d.<\/p>\n\n\n\n<p>Esta protesta ha impedido la entrega oportuna de la paqueter\u00eda electoral en la zona norte del Istmo e incluso en d\u00edas anteriores retuvieron a personal del Instituto Nacional Electora..<\/p>\n\n\n\n<p>La Secretar\u00eda General de Gobierno ha guardado hermetismo al respecto y s\u00f3lo el pasado mi\u00e9rcoles por la noche si titular, Francisco Garc\u00eda L\u00f3pez, emiti\u00f3 un mensaje en video.<\/p>\n\n\n\n<p>Por tercer d\u00eda, pobladores del Ejido Estaci\u00f3n Mogo\u00f1\u00e9 permanece bloqueando la v\u00eda f\u00e9rrea, que forma parte del Corredor Interoce\u00e1nico, para exigir indemnizaciones justas de sus tierras.<\/p>\n\n\n\n<p>Tampoco han sido escuchados por las autoridades federales y estatales.<\/p>\n\n\n\n<p>Mientras que anoche, tras la aparici\u00f3n del edil de San Pedro Mixtepec, Javier Cruz Jim\u00e9nez, finalmente atendi\u00f3 a los inconformes de Manialtepec, Las Negras y Aguaje del Zapote, con lo cual retiraron el bloqueo carretero que instalaron desde el pasado martes 31 de mayo sobre la v\u00eda federal 200.<\/p>\n","protected":false},"excerpt":{"rendered":"<p>Redacci\u00f3n\/Zona Roja. Oaxaca de Ju\u00e1rez, Oax., 4 de junio de 2022.- A unas horas de&hellip;<\/p>\n","protected":false},"author":2,"featured_media":42009,"comment_status":"closed","ping_status":"open","sticky":false,"template":"","format":"standard","meta":{"_lmt_disableupdate":"","_lmt_disable":"","_jetpack_memberships_contains_paid_content":false,"footnotes":""},"categories":[109,47],"tags":[933],"class_list":["post-42008","post","type-post","status-publish","format-standard","has-post-thumbnail","hentry","category-minuto-a-minuto","category-zona-gris","tag-san-juan-mazatlan-mixe"],"jetpack_featured_media_url":"https:\/\/zonaroja.com.mx\/wp-content\/uploads\/2022\/06\/Bloqueos-San-Juan-Mazatlan-en-Matias.jpg","jetpack_sharing_enabled":true,"_links":{"self":[{"href":"https:\/\/zonaroja.com.mx\/index.php?rest_route=\/wp\/v2\/posts\/42008","targetHints":{"allow":["GET"]}}],"collection":[{"href":"https:\/\/zonaroja.com.mx\/index.php?rest_route=\/wp\/v2\/posts"}],"about":[{"href":"https:\/\/zonaroja.com.mx\/index.php?rest_route=\/wp\/v2\/types\/post"}],"author":[{"embeddable":true,"href":"https:\/\/zonaroja.com.mx\/index.php?rest_route=\/wp\/v2\/users\/2"}],"replies":[{"embeddable":true,"href":"https:\/\/zonaroja.com.mx\/index.php?rest_route=%2Fwp%2Fv2%2Fcomments&post=42008"}],"version-history":[{"count":1,"href":"https:\/\/zonaroja.com.mx\/index.php?rest_route=\/wp\/v2\/posts\/42008\/revisions"}],"predecessor-version":[{"id":42010,"href":"https:\/\/zonaroja.com.mx\/index.php?rest_route=\/wp\/v2\/posts\/42008\/revisions\/42010"}],"wp:featuredmedia":[{"embeddable":true,"href":"https:\/\/zonaroja.com.mx\/index.php?rest_route=\/wp\/v2\/media\/42009"}],"wp:attachment":[{"href":"https:\/\/zonaroja.com.mx\/index.php?rest_route=%2Fwp%2Fv2%2Fmedia&parent=42008"}],"wp:term":[{"taxonomy":"category","embeddable":true,"href":"https:\/\/zonaroja.com.mx\/index.php?rest_route=%2Fwp%2Fv2%2Fcategories&post=42008"},{"taxonomy":"post_tag","embeddable":true,"href":"https:\/\/zonaroja.com.mx\/index.php?rest_route=%2Fwp%2Fv2%2Ftags&post=42008"}],"curies":[{"name":"wp","href":"https:\/\/api.w.org\/{rel}","templated":true}]}}