{"id":4201,"date":"2019-09-22T21:29:42","date_gmt":"2019-09-23T02:29:42","guid":{"rendered":"http:\/\/www.zonaroja.com.mx\/?p=4201"},"modified":"2019-09-22T21:32:05","modified_gmt":"2019-09-23T02:32:05","slug":"con-la-4t-sigue-la-corrupcion-en-el-imss-denuncia-sindicato","status":"publish","type":"post","link":"https:\/\/zonaroja.com.mx\/?p=4201","title":{"rendered":"Con la 4T, sigue la corrupci\u00f3n en el IMSS, denuncia sindicato"},"content":{"rendered":"\n<p>Ismael\nGarc\u00eda M.\/Zona Roja.<\/p>\n\n\n\n<p>Oaxaca de\nJu\u00e1rez, Oax., 22 de septiembre de 2019.- En la Cuarta Transformaci\u00f3n, los\nvicios y la corrupci\u00f3n en el IMSS se mantienen, denunci\u00f3 hoy el Sindicato\nNacional Libre de los Trabajadores del Seguro Social.<\/p>\n\n\n\n<p>Adem\u00e1s, su\ndirigente en el pa\u00eds, Armando Rosales Torres, anunci\u00f3 que interpondr\u00e1n denuncias\ncontra la delegada en Oaxaca, Concepci\u00f3n Rueda G\u00f3mez, y dos funcionarios m\u00e1s,\npor probables actos de corrupci\u00f3n y negligencia.<\/p>\n\n\n\n<p>\u201cLamentamos\nmuch\u00edsimo que la 4T no tenga un diagn\u00f3sito claro y certero de nuestra\ninstituci\u00f3n y que no logre ubicar que la ra\u00edz del problema en el IMSS es de\nseguridad nacional\u201d, dijo.<\/p>\n\n\n\n<p>En conferencia de prensa sobre la carretera Internacional 190, frente al Hospital de Zona n\u00famero uno, ciudad de Oaxaca &#8211;pues les fue negado el acceso a la explanada del nosocomio&#8211;, dijo que ese nuevo gremio realiza recorridos por el pa\u00eds para alertar de la crisis en el Seguro Social y las posibles afectaciones a los trabajadores.<\/p>\n\n\n\n<figure class=\"wp-block-image\"><img decoding=\"async\" width=\"1024\" height=\"768\" src=\"http:\/\/www.zonaroja.com.mx\/wp-content\/uploads\/2019\/09\/Conferencia-sindicato-libre-IMSS-1-1024x768.jpg\" alt=\"\" class=\"wp-image-4203\" srcset=\"https:\/\/zonaroja.com.mx\/wp-content\/uploads\/2019\/09\/Conferencia-sindicato-libre-IMSS-1-1024x768.jpg 1024w, https:\/\/zonaroja.com.mx\/wp-content\/uploads\/2019\/09\/Conferencia-sindicato-libre-IMSS-1-300x225.jpg 300w, https:\/\/zonaroja.com.mx\/wp-content\/uploads\/2019\/09\/Conferencia-sindicato-libre-IMSS-1-768x576.jpg 768w, https:\/\/zonaroja.com.mx\/wp-content\/uploads\/2019\/09\/Conferencia-sindicato-libre-IMSS-1-1170x878.jpg 1170w, https:\/\/zonaroja.com.mx\/wp-content\/uploads\/2019\/09\/Conferencia-sindicato-libre-IMSS-1-585x439.jpg 585w, https:\/\/zonaroja.com.mx\/wp-content\/uploads\/2019\/09\/Conferencia-sindicato-libre-IMSS-1.jpg 1280w\" sizes=\"(max-width: 1024px) 100vw, 1024px\" \/><\/figure>\n\n\n\n<p>\u201cLa\nimpunidad, el nepotismo, la corrupci\u00f3n que acabaron con el IMSS y los factores\nque originaron el colapso, siguen vigentes al interior de nuestra instituci\u00f3n y\nrepresentado por la corrupta dirigencia y clase pol\u00edtica del Sindicato Nacional\nde Trabajadores del Seguro Social.<\/p>\n\n\n\n<p>\u201cEl cual ha\nmantenido secuestrado por d\u00e9cadas los derechos y el patrimonio de los trabajadores\ny que sirvieron como instrumento represor y de control para abrirle paso a su\npartido el PRI, para la privatizaci\u00f3n del Seguro Social\u201d, dijo, en presencia de\nla secretaria General de ese sindicato en Oaxaca, Odilia S\u00e1nchez Galicia.<\/p>\n\n\n\n<p>Alert\u00f3 que\nel pr\u00f3ximo octubre se revisar\u00e1 el Contrato Colectivo de Trabajo pero que el\nsindicato oficial y mayoritario pretende, bajo el argumento de la austeridad, confabularse\ncon el patr\u00f3n para mutilar dicho contrato y las prestaciones laborales.<\/p>\n\n\n\n<p>Sobre la corrupci\u00f3n en Oaxaca, dijo que ya tienen preparadas varias denuncias y una vez que se cubran unos laudos, las presentar\u00e1n ante la Secretar\u00eda de la Funci\u00f3n P\u00fablica, principalmente en contra de la delegada Concepci\u00f3n Rueda G\u00f3mez.<\/p>\n\n\n\n<figure class=\"wp-block-embed-twitter wp-block-embed is-type-rich is-provider-twitter\"><div class=\"wp-block-embed__wrapper\">\n<div class=\"twitter-tweet\"><blockquote class=\"twitter-tweet\" data-lang=\"es\"><p lang=\"es\" dir=\"ltr\"><a href=\"https:\/\/twitter.com\/hashtag\/OaxacaGris?src=hash&amp;ref_src=twsrc%5Etfw\">#OaxacaGris<\/a><br>En <a href=\"https:\/\/twitter.com\/hashtag\/Oaxaca?src=hash&amp;ref_src=twsrc%5Etfw\">#Oaxaca<\/a>, el dirigente en el pa\u00eds del Sindicato Nacional Libre de Trabajadores del <a href=\"https:\/\/twitter.com\/Tu_IMSS?ref_src=twsrc%5Etfw\">@Tu_IMSS<\/a>, Armando Rosales, anunci\u00f3 denuncias por corrupci\u00f3n contra tres funcionarios de la delegaci\u00f3n <a href=\"https:\/\/twitter.com\/IMSS_Oaxaca?ref_src=twsrc%5Etfw\">@IMSS_Oaxaca<\/a>, entre ellos <a href=\"https:\/\/twitter.com\/ConyRuedaG?ref_src=twsrc%5Etfw\">@ConyRuedaG<\/a>. <a href=\"https:\/\/t.co\/aYzG9IjmL3\">pic.twitter.com\/aYzG9IjmL3<\/a><\/p>&mdash; Zona Roja Oaxaca (@MexRoja) <a href=\"https:\/\/twitter.com\/MexRoja\/status\/1175858525714681856?ref_src=twsrc%5Etfw\">22 de septiembre de 2019<\/a><\/blockquote><\/div>\n<\/div><\/figure>\n","protected":false},"excerpt":{"rendered":"<p>Ismael Garc\u00eda M.\/Zona Roja. Oaxaca de Ju\u00e1rez, Oax., 22 de septiembre de 2019.- En la&hellip;<\/p>\n","protected":false},"author":2,"featured_media":4202,"comment_status":"closed","ping_status":"open","sticky":false,"template":"","format":"standard","meta":{"_lmt_disableupdate":"","_lmt_disable":"","_jetpack_memberships_contains_paid_content":false,"footnotes":""},"categories":[109,47],"tags":[254,218],"class_list":["post-4201","post","type-post","status-publish","format-standard","has-post-thumbnail","hentry","category-minuto-a-minuto","category-zona-gris","tag-concepcion-rueda-gomez","tag-instituto-mexicano-del-seguro-social"],"jetpack_featured_media_url":"https:\/\/zonaroja.com.mx\/wp-content\/uploads\/2019\/09\/Conferencia-sindicato-libre-IMSS-2.jpg","jetpack_sharing_enabled":true,"_links":{"self":[{"href":"https:\/\/zonaroja.com.mx\/index.php?rest_route=\/wp\/v2\/posts\/4201","targetHints":{"allow":["GET"]}}],"collection":[{"href":"https:\/\/zonaroja.com.mx\/index.php?rest_route=\/wp\/v2\/posts"}],"about":[{"href":"https:\/\/zonaroja.com.mx\/index.php?rest_route=\/wp\/v2\/types\/post"}],"author":[{"embeddable":true,"href":"https:\/\/zonaroja.com.mx\/index.php?rest_route=\/wp\/v2\/users\/2"}],"replies":[{"embeddable":true,"href":"https:\/\/zonaroja.com.mx\/index.php?rest_route=%2Fwp%2Fv2%2Fcomments&post=4201"}],"version-history":[{"count":2,"href":"https:\/\/zonaroja.com.mx\/index.php?rest_route=\/wp\/v2\/posts\/4201\/revisions"}],"predecessor-version":[{"id":4205,"href":"https:\/\/zonaroja.com.mx\/index.php?rest_route=\/wp\/v2\/posts\/4201\/revisions\/4205"}],"wp:featuredmedia":[{"embeddable":true,"href":"https:\/\/zonaroja.com.mx\/index.php?rest_route=\/wp\/v2\/media\/4202"}],"wp:attachment":[{"href":"https:\/\/zonaroja.com.mx\/index.php?rest_route=%2Fwp%2Fv2%2Fmedia&parent=4201"}],"wp:term":[{"taxonomy":"category","embeddable":true,"href":"https:\/\/zonaroja.com.mx\/index.php?rest_route=%2Fwp%2Fv2%2Fcategories&post=4201"},{"taxonomy":"post_tag","embeddable":true,"href":"https:\/\/zonaroja.com.mx\/index.php?rest_route=%2Fwp%2Fv2%2Ftags&post=4201"}],"curies":[{"name":"wp","href":"https:\/\/api.w.org\/{rel}","templated":true}]}}