{"id":42011,"date":"2022-06-04T18:08:03","date_gmt":"2022-06-04T23:08:03","guid":{"rendered":"http:\/\/www.zonaroja.com.mx\/?p=42011"},"modified":"2022-06-04T18:08:05","modified_gmt":"2022-06-04T23:08:05","slug":"a-24-horas-de-los-hechos-condena-morena-crimen-de-su-militante-en-juchitan","status":"publish","type":"post","link":"https:\/\/zonaroja.com.mx\/?p=42011","title":{"rendered":"A 24 horas de los hechos, condena Morena crimen de su militante en Juchit\u00e1n"},"content":{"rendered":"\n<p>Redacci\u00f3n\/Zona Roja.<\/p>\n\n\n\n<p>Oaxaca de Ju\u00e1rez, Oax., 4 de junio de 2022.- A 24 horas de los hechos, el Partido Morena en Oaxaca conden\u00f3 el crimen de su militante, Carlos Eduardo L\u00f3pez Mart\u00ednez, ultimado a balazos ayer por la tarde en Juchit\u00e1n de Zaragoza.<\/p>\n\n\n\n<p>Adem\u00e1s, en un comunicado de prensa, exigi\u00f3 a la Fiscal\u00eda General de Oaxaca \u201cuna investigaci\u00f3n expedita y profesional que permita localizar y detener a los autores materiales e intelectuales de este cobarde asesinato\u201d.&nbsp;<\/p>\n\n\n\n<p>De la misma manera, expres\u00f3 su rechazo al \u201cmanejo revictimizante que ciertos medios de comunicaci\u00f3n, estatales y nacionales, han hecho alrededor de este lamentable suceso.&nbsp;<\/p>\n\n\n\n<p>\u201cExpresamos nuestra preocupaci\u00f3n por el clima de violencia que oscuros intereses buscan generar con este tipo de actos y que, sin duda, tienen el objetivo de afectar el ejercicio democr\u00e1tico del pr\u00f3ximo domingo.<\/p>\n\n\n\n<p>\u201cDemandamos que las autoridades estatales cumplan con su responsabilidad de garantizar que, la jornada electoral del pr\u00f3ximo 5 de junio, transcurra pac\u00edficamente y sin incidentes.&nbsp;<\/p>\n\n\n\n<p>\u201cEl ataque contra el compa\u00f1ero es un ataque contra nuestro movimiento que viene creciendo y consolid\u00e1ndose como la opci\u00f3n que m\u00e1s respaldo tiene del pueblo de Oaxaca, es un intento de intimidaci\u00f3n, quieren detenernos, pero no lo van a conseguir.<\/p>\n\n\n\n<p>\u201cDesde Morena mandamos todo nuestro respaldo a la familia y amigos de Carlos Eduardo; no est\u00e1n ni estar\u00e1n solos, tengan la seguridad que no bajaremos la voz hasta que se esclarezca el crimen y los responsables sean castigados\u201d, detall\u00f3 en su comunicado.<\/p>\n\n\n\n<figure class=\"wp-block-embed is-type-rich is-provider-twitter wp-block-embed-twitter\"><div class=\"wp-block-embed__wrapper\">\n<div class=\"twitter-tweet\"><blockquote class=\"twitter-tweet\" data-lang=\"es\"><p lang=\"und\" dir=\"ltr\"><a href=\"https:\/\/twitter.com\/hashtag\/Posicionamiento?src=hash&amp;ref_src=twsrc%5Etfw\">#Posicionamiento<\/a> <a href=\"https:\/\/t.co\/BoECKzzaC3\">pic.twitter.com\/BoECKzzaC3<\/a><\/p>&mdash; CEE Morena Oaxaca (@MorenaOaxaca1) <a href=\"https:\/\/twitter.com\/MorenaOaxaca1\/status\/1533220202002927617?ref_src=twsrc%5Etfw\">4 de junio de 2022<\/a><\/blockquote><\/div>\n<\/div><\/figure>\n","protected":false},"excerpt":{"rendered":"<p>Redacci\u00f3n\/Zona Roja. Oaxaca de Ju\u00e1rez, Oax., 4 de junio de 2022.- A 24 horas de&hellip;<\/p>\n","protected":false},"author":2,"featured_media":42012,"comment_status":"closed","ping_status":"open","sticky":false,"template":"","format":"standard","meta":{"_lmt_disableupdate":"","_lmt_disable":"","_jetpack_memberships_contains_paid_content":false,"footnotes":""},"categories":[109,47],"tags":[871],"class_list":["post-42011","post","type-post","status-publish","format-standard","has-post-thumbnail","hentry","category-minuto-a-minuto","category-zona-gris","tag-partido-morena-oaxaca"],"jetpack_featured_media_url":"https:\/\/zonaroja.com.mx\/wp-content\/uploads\/2022\/06\/Carlos-Eduardo-Lopez-Martinez-y-Salomon-Jara.jpg","jetpack_sharing_enabled":true,"_links":{"self":[{"href":"https:\/\/zonaroja.com.mx\/index.php?rest_route=\/wp\/v2\/posts\/42011","targetHints":{"allow":["GET"]}}],"collection":[{"href":"https:\/\/zonaroja.com.mx\/index.php?rest_route=\/wp\/v2\/posts"}],"about":[{"href":"https:\/\/zonaroja.com.mx\/index.php?rest_route=\/wp\/v2\/types\/post"}],"author":[{"embeddable":true,"href":"https:\/\/zonaroja.com.mx\/index.php?rest_route=\/wp\/v2\/users\/2"}],"replies":[{"embeddable":true,"href":"https:\/\/zonaroja.com.mx\/index.php?rest_route=%2Fwp%2Fv2%2Fcomments&post=42011"}],"version-history":[{"count":1,"href":"https:\/\/zonaroja.com.mx\/index.php?rest_route=\/wp\/v2\/posts\/42011\/revisions"}],"predecessor-version":[{"id":42013,"href":"https:\/\/zonaroja.com.mx\/index.php?rest_route=\/wp\/v2\/posts\/42011\/revisions\/42013"}],"wp:featuredmedia":[{"embeddable":true,"href":"https:\/\/zonaroja.com.mx\/index.php?rest_route=\/wp\/v2\/media\/42012"}],"wp:attachment":[{"href":"https:\/\/zonaroja.com.mx\/index.php?rest_route=%2Fwp%2Fv2%2Fmedia&parent=42011"}],"wp:term":[{"taxonomy":"category","embeddable":true,"href":"https:\/\/zonaroja.com.mx\/index.php?rest_route=%2Fwp%2Fv2%2Fcategories&post=42011"},{"taxonomy":"post_tag","embeddable":true,"href":"https:\/\/zonaroja.com.mx\/index.php?rest_route=%2Fwp%2Fv2%2Ftags&post=42011"}],"curies":[{"name":"wp","href":"https:\/\/api.w.org\/{rel}","templated":true}]}}