{"id":42032,"date":"2022-06-05T13:29:09","date_gmt":"2022-06-05T18:29:09","guid":{"rendered":"https:\/\/www.zonaroja.com.mx\/?p=42032"},"modified":"2022-06-05T13:29:11","modified_gmt":"2022-06-05T18:29:11","slug":"va-a-ganar-el-pueblo-va-a-ganar-oaxaca-salomon-jara","status":"publish","type":"post","link":"https:\/\/zonaroja.com.mx\/?p=42032","title":{"rendered":"\u201cVa a ganar el pueblo, va a ganar Oaxaca\u201d: Salom\u00f3n Jara"},"content":{"rendered":"\n<p>Yuridiana Sosa\/Zona Roja.<\/p>\n\n\n\n<p>Oaxaca de Ju\u00e1rez, Oax., 05 de junio de 2022.- El candidato a gobernador de Oaxaca por la coalici\u00f3n \u201cJuntos hacemos historia\u201d, Salom\u00f3n Jara Cruz, destac\u00f3 que tras el proceso electoral de este 5 de junio, los ganadores ser\u00e1n los oaxaque\u00f1os y las oaxaque\u00f1as.<\/p>\n\n\n\n<p>Tras la emisi\u00f3n de su voto en la agencia de San Mart\u00edn Mexicapan de Oaxaca de Ju\u00e1rez, el aspirante por Morena-PVEM-PT-PUP confi\u00f3 en que este proceso se desarrollar\u00e1 en paz, de forma ordenada y del actuar imparcial de los \u00f3rganos electorales. <\/p>\n\n\n\n<p>Respecto a la participaci\u00f3n de la poblaci\u00f3n, Jara Cruz primero lament\u00f3 los desastres ocurridos en la Costa y Sierra Sur por el impacto del hurac\u00e1n \u201cAgatha\u201d y por lo que no se instalar\u00e1n casillas, pero apost\u00f3 en que en el resto del estado existe una asistencia importante a las urnas para hacer valer su derecho al voto.<\/p>\n\n\n\n<p>\u201cVa a ganar el pueblo, la sociedad y finalmente va a ganar nuestro estado\u201d, expres\u00f3 el aspirante a gobernador, quien agreg\u00f3 que \u201cla primavera oaxaque\u00f1a\u201d est\u00e1 pr\u00f3xima.<\/p>\n\n\n\n<p>Salom\u00f3n Jara agreg\u00f3 que por cuestiones de la veda electoral no pudo atender de forma directa a los damnificados, pero tras este proceso tiene planeado asistir.<\/p>\n\n\n\n<p>Tras un desayuno en familia, el candidato se instalar\u00e1 en el llamado \u201ccuarto de guerra\u201d con su equipo de campa\u00f1a para monitorear la jornada electoral. <\/p>\n","protected":false},"excerpt":{"rendered":"<p>Yuridiana Sosa\/Zona Roja. Oaxaca de Ju\u00e1rez, Oax., 05 de junio de 2022.- El candidato a&hellip;<\/p>\n","protected":false},"author":2,"featured_media":42031,"comment_status":"closed","ping_status":"open","sticky":false,"template":"","format":"standard","meta":{"_lmt_disableupdate":"","_lmt_disable":"","_jetpack_memberships_contains_paid_content":false,"footnotes":""},"categories":[109,46],"tags":[939],"class_list":["post-42032","post","type-post","status-publish","format-standard","has-post-thumbnail","hentry","category-minuto-a-minuto","category-zona-blanca","tag-salomon-jara-cruz"],"jetpack_featured_media_url":"https:\/\/zonaroja.com.mx\/wp-content\/uploads\/2022\/06\/img_7292.jpg","jetpack_sharing_enabled":true,"_links":{"self":[{"href":"https:\/\/zonaroja.com.mx\/index.php?rest_route=\/wp\/v2\/posts\/42032","targetHints":{"allow":["GET"]}}],"collection":[{"href":"https:\/\/zonaroja.com.mx\/index.php?rest_route=\/wp\/v2\/posts"}],"about":[{"href":"https:\/\/zonaroja.com.mx\/index.php?rest_route=\/wp\/v2\/types\/post"}],"author":[{"embeddable":true,"href":"https:\/\/zonaroja.com.mx\/index.php?rest_route=\/wp\/v2\/users\/2"}],"replies":[{"embeddable":true,"href":"https:\/\/zonaroja.com.mx\/index.php?rest_route=%2Fwp%2Fv2%2Fcomments&post=42032"}],"version-history":[{"count":1,"href":"https:\/\/zonaroja.com.mx\/index.php?rest_route=\/wp\/v2\/posts\/42032\/revisions"}],"predecessor-version":[{"id":42033,"href":"https:\/\/zonaroja.com.mx\/index.php?rest_route=\/wp\/v2\/posts\/42032\/revisions\/42033"}],"wp:featuredmedia":[{"embeddable":true,"href":"https:\/\/zonaroja.com.mx\/index.php?rest_route=\/wp\/v2\/media\/42031"}],"wp:attachment":[{"href":"https:\/\/zonaroja.com.mx\/index.php?rest_route=%2Fwp%2Fv2%2Fmedia&parent=42032"}],"wp:term":[{"taxonomy":"category","embeddable":true,"href":"https:\/\/zonaroja.com.mx\/index.php?rest_route=%2Fwp%2Fv2%2Fcategories&post=42032"},{"taxonomy":"post_tag","embeddable":true,"href":"https:\/\/zonaroja.com.mx\/index.php?rest_route=%2Fwp%2Fv2%2Ftags&post=42032"}],"curies":[{"name":"wp","href":"https:\/\/api.w.org\/{rel}","templated":true}]}}