{"id":42037,"date":"2022-06-05T18:56:55","date_gmt":"2022-06-05T23:56:55","guid":{"rendered":"http:\/\/www.zonaroja.com.mx\/?p=42037"},"modified":"2022-06-05T18:56:55","modified_gmt":"2022-06-05T23:56:55","slug":"asegura-pri-que-gano-la-contienda-denuncia-compra-de-votos-de-morena","status":"publish","type":"post","link":"https:\/\/zonaroja.com.mx\/?p=42037","title":{"rendered":"Asegura PRI que gan\u00f3 la contienda; denuncia compra de votos de \u201cMorena\u201d"},"content":{"rendered":"\n<p>Yuridiana Sosa\/Zona Roja.<\/p>\n\n\n\n<p>Oaxaca de Ju\u00e1rez, Oax., 5 junio de 2022.- En una segunda conferencia de prensa, esta tarde, la dirigencia del Partido Revolucionario Institucional en Oaxaca asegur\u00f3 que obtuvo el triunfo en esta jornada electoral.<\/p>\n\n\n\n<p>Sin embargo, ser\u00e1n prudentes en cuanto a proclamar el triunfo, dijeron, al reconocer la participaci\u00f3n ciudadana en los comicios para la elecci\u00f3n por la gubernatura.<\/p>\n\n\n\n<p>Previo a ello, la dirigencia que encabeza Javier Villaca\u00f1a Jim\u00e9nez acus\u00f3 la compra de votos en San Pedro y San Pablo Ayutla por parte del candidato de la oposici\u00f3n.<\/p>\n\n\n\n<p>En conferencia de prensa, denunci\u00f3 que frente a una casilla electoral en San Pedro y San Pablo Ayutla Mixe se report\u00f3 la entrega de fertilizantes para coaccionar el voto.<\/p>\n\n\n\n<p>Parte de los actos ilegales fueron grabados por ciudadanos y exhibidos en la conferencia de prensa como respaldo a la denuncia p\u00fablica que realizaron.<\/p>\n\n\n\n<p>Por dicho delito electoral presentar\u00e1n las denuncias correspondientes ante las autoridades electorales, pues igualmente desde hace varios d\u00edas contaban con reportes del arribo de tr\u00e1ileres cargados de fertilizantes en distintos municipios de las ocho regiones de la entidad.<\/p>\n\n\n\n<p>\u201cSabemos que Morena maneja un doble discurso\u201d se\u00f1al\u00f3 el dirigente del PRI en Oaxaca, quien sostuvo que no van a pasar por alto los delitos electorales, pues transgreden al desarrollo pleno de la jornada.<\/p>\n\n\n\n<p>Pero, adem\u00e1s, realiz\u00f3 un llamado al gobierno federal para que \u201csaque las manos\u201d del proceso electoral y no interfiera en los resultados de la votaci\u00f3n.<\/p>\n\n\n\n<p>La dirigencia del PRI tambi\u00e9n se\u00f1al\u00f3 la responsabilidad de las autoridades municipales que han permitido el resguardo de productos en instalaciones propias, pues forman parte de los delitos electorales.&nbsp;<\/p>\n","protected":false},"excerpt":{"rendered":"<p>Yuridiana Sosa\/Zona Roja. Oaxaca de Ju\u00e1rez, Oax., 5 junio de 2022.- En una segunda conferencia&hellip;<\/p>\n","protected":false},"author":2,"featured_media":42038,"comment_status":"closed","ping_status":"open","sticky":false,"template":"","format":"standard","meta":{"_lmt_disableupdate":"","_lmt_disable":"","_jetpack_memberships_contains_paid_content":false,"footnotes":""},"categories":[109,46],"tags":[2456],"class_list":["post-42037","post","type-post","status-publish","format-standard","has-post-thumbnail","hentry","category-minuto-a-minuto","category-zona-blanca","tag-javier-villacana-jimenez"],"jetpack_featured_media_url":"https:\/\/zonaroja.com.mx\/wp-content\/uploads\/2022\/06\/Conferencia-de-prensa-PRI-Oaxaca.jpg","jetpack_sharing_enabled":true,"_links":{"self":[{"href":"https:\/\/zonaroja.com.mx\/index.php?rest_route=\/wp\/v2\/posts\/42037","targetHints":{"allow":["GET"]}}],"collection":[{"href":"https:\/\/zonaroja.com.mx\/index.php?rest_route=\/wp\/v2\/posts"}],"about":[{"href":"https:\/\/zonaroja.com.mx\/index.php?rest_route=\/wp\/v2\/types\/post"}],"author":[{"embeddable":true,"href":"https:\/\/zonaroja.com.mx\/index.php?rest_route=\/wp\/v2\/users\/2"}],"replies":[{"embeddable":true,"href":"https:\/\/zonaroja.com.mx\/index.php?rest_route=%2Fwp%2Fv2%2Fcomments&post=42037"}],"version-history":[{"count":1,"href":"https:\/\/zonaroja.com.mx\/index.php?rest_route=\/wp\/v2\/posts\/42037\/revisions"}],"predecessor-version":[{"id":42039,"href":"https:\/\/zonaroja.com.mx\/index.php?rest_route=\/wp\/v2\/posts\/42037\/revisions\/42039"}],"wp:featuredmedia":[{"embeddable":true,"href":"https:\/\/zonaroja.com.mx\/index.php?rest_route=\/wp\/v2\/media\/42038"}],"wp:attachment":[{"href":"https:\/\/zonaroja.com.mx\/index.php?rest_route=%2Fwp%2Fv2%2Fmedia&parent=42037"}],"wp:term":[{"taxonomy":"category","embeddable":true,"href":"https:\/\/zonaroja.com.mx\/index.php?rest_route=%2Fwp%2Fv2%2Fcategories&post=42037"},{"taxonomy":"post_tag","embeddable":true,"href":"https:\/\/zonaroja.com.mx\/index.php?rest_route=%2Fwp%2Fv2%2Ftags&post=42037"}],"curies":[{"name":"wp","href":"https:\/\/api.w.org\/{rel}","templated":true}]}}