{"id":42046,"date":"2022-06-05T23:06:34","date_gmt":"2022-06-06T04:06:34","guid":{"rendered":"http:\/\/www.zonaroja.com.mx\/?p=42046"},"modified":"2022-06-05T23:06:36","modified_gmt":"2022-06-06T04:06:36","slug":"oaxaca-sera-el-nuevo-motor-de-desarrollo-del-sur-del-pais-ofrece-jara","status":"publish","type":"post","link":"https:\/\/zonaroja.com.mx\/?p=42046","title":{"rendered":"Oaxaca ser\u00e1 el nuevo motor de desarrollo del sur del pa\u00eds, ofrece Jara"},"content":{"rendered":"\n<p>Ismael Garc\u00eda M.\/Zona Roja.<\/p>\n\n\n\n<p>Oaxaca de Ju\u00e1rez, Oax., 5 de junio de 2022.- Al declararse como ganador de los comicios de este domingo, el candidato Salom\u00f3n Jara Cruz se comprometi\u00f3 lograr que Oaxaca deje de ser uno de los \u201cpeores estados\u201d en materia de desarrollo humano y hacer que la entidad sea el nuevo motor de desarrollo del sur del pa\u00eds.<\/p>\n\n\n\n<p>El candidato de Morena, PVEM, PT y PUP dio esta noche una conferencia de prensa en que ofreci\u00f3 tambi\u00e9n abatir la corrupci\u00f3n, el autoritarismo y la cooptaci\u00f3n.<\/p>\n\n\n\n<p>\u201cHoy gan\u00f3 la esperanza, el anhelo de un pueblo por el cambio y la transformaci\u00f3n profunda; gan\u00f3 un pueblo que ha luchado por d\u00e9cadas para construir un futuro distinto.<\/p>\n\n\n\n<p>\u201cHoy enterramos a uno de los \u00faltimos bastiones del viejo r\u00e9gimen autoritario e iniciamos la construcci\u00f3n de un nuevo futuro. Hoy comienza una nueva etapa, para dejar atr\u00e1s un pasado de fraude, pobreza, corrupci\u00f3n y lleno de agravios hist\u00f3ricos\u201d, dijo.<\/p>\n\n\n\n<p>Sostuvo que hoy se demostr\u00f3 que Oaxaca es tierra obradorista, \u201cpero tambi\u00e9n que reconozco que en la votaci\u00f3n de hoy los oaxaque\u00f1os nos han expresado un mandato muy claro, construir desde abajo un gobierno honesto, austero, transparente y eficiente, un gobierno del pueblo para el pueblo\u201d.<\/p>\n\n\n\n<figure class=\"wp-block-embed is-type-rich is-provider-twitter wp-block-embed-twitter\"><div class=\"wp-block-embed__wrapper\">\n<div class=\"twitter-tweet\"><blockquote class=\"twitter-tweet\" data-lang=\"es\"><p lang=\"es\" dir=\"ltr\"><a href=\"https:\/\/twitter.com\/hashtag\/%C3%9AltimoMinuto?src=hash&amp;ref_src=twsrc%5Etfw\">#\u00daltimoMinuto<\/a><br>En conferencia de prensa, <a href=\"https:\/\/twitter.com\/salomonj?ref_src=twsrc%5Etfw\">@salomonj<\/a> se proclama ganador de las elecciones para gobernador de Oaxaca. \u201cHemos obtenido una votaci\u00f3n hist\u00f3rica, la victoria es irreversible\u201d, dijo el abanderado de Morena y postulado por el PVEM-PT y PUP. <a href=\"https:\/\/t.co\/RHJU5LUn3A\">pic.twitter.com\/RHJU5LUn3A<\/a><\/p>&mdash; Zona Roja Oaxaca (@ZonaRoja_Oaxaca) <a href=\"https:\/\/twitter.com\/ZonaRoja_Oaxaca\/status\/1533633602335932417?ref_src=twsrc%5Etfw\">6 de junio de 2022<\/a><\/blockquote><\/div>\n<\/div><\/figure>\n\n\n\n<p>Reiter\u00f3 que encabezar\u00e1 un gobierno de territorio y no de escritorio; dijo que mantendr\u00e1 una relaci\u00f3n de respeto, colaboraci\u00f3n, con los distintos poderes y con todos los actores pol\u00edticos y econ\u00f3micos, \u201cpero nuestro gobierno no se basar\u00e1 en el contubernio ni en la corrupci\u00f3n ni en la cooptaci\u00f3n\u201d.<\/p>\n\n\n\n<p>\u201cSeremos incluyentes, respetuosos de la pluralidad; lo digo claro y sincero, se acabaron los tiempos de la corrupci\u00f3n, de los privilegios de los moches, eso se acab\u00f3\u201d, remarc\u00f3 Jara Cruz.<\/p>\n\n\n\n<p>A\u00f1adi\u00f3 que su \u00fanico compromiso es y ser\u00e1 con el pueblo, pues amor con amor se paga.<\/p>\n\n\n\n<p>\u201cLes digo a todos los oaxaque\u00f1os que nos ganamos el derecho a construir nuestro futuro, trabajaremos sin descanso para que Oaxaca deje de ser uno de los estados con los peores indicadores en materia de desarrollo humano.<\/p>\n\n\n\n<p>\u201cSeguiremos el ejemplo del presidente Andr\u00e9s Manuel L\u00f3pez Obrador y fortaleceremos la relaci\u00f3n con el gobierno federal y las comunidades. Oaxaca ser\u00e1 el nuevo motor de desarrollo del sur del pa\u00eds\u201d, sostuvo.<\/p>\n\n\n\n<p>Tras una conferencia de prensa en un hotel de la capital, Jara Cruz encabez\u00f3 una calenda desde su casa de campa\u00f1a, en la calle Crespo de la ciudad, hacia la Alameda de Le\u00f3n, donde culmin\u00f3 con un mitin masivo, para agradecer el voto de los oaxaque\u00f1os.<\/p>\n","protected":false},"excerpt":{"rendered":"<p>Ismael Garc\u00eda M.\/Zona Roja. Oaxaca de Ju\u00e1rez, Oax., 5 de junio de 2022.- Al declararse&hellip;<\/p>\n","protected":false},"author":2,"featured_media":42047,"comment_status":"closed","ping_status":"open","sticky":false,"template":"","format":"standard","meta":{"_lmt_disableupdate":"","_lmt_disable":"","_jetpack_memberships_contains_paid_content":false,"footnotes":""},"categories":[109,46],"tags":[939],"class_list":["post-42046","post","type-post","status-publish","format-standard","has-post-thumbnail","hentry","category-minuto-a-minuto","category-zona-blanca","tag-salomon-jara-cruz"],"jetpack_featured_media_url":"https:\/\/zonaroja.com.mx\/wp-content\/uploads\/2022\/06\/Salomon-Jara-Cruz-festejo.jpg","jetpack_sharing_enabled":true,"_links":{"self":[{"href":"https:\/\/zonaroja.com.mx\/index.php?rest_route=\/wp\/v2\/posts\/42046","targetHints":{"allow":["GET"]}}],"collection":[{"href":"https:\/\/zonaroja.com.mx\/index.php?rest_route=\/wp\/v2\/posts"}],"about":[{"href":"https:\/\/zonaroja.com.mx\/index.php?rest_route=\/wp\/v2\/types\/post"}],"author":[{"embeddable":true,"href":"https:\/\/zonaroja.com.mx\/index.php?rest_route=\/wp\/v2\/users\/2"}],"replies":[{"embeddable":true,"href":"https:\/\/zonaroja.com.mx\/index.php?rest_route=%2Fwp%2Fv2%2Fcomments&post=42046"}],"version-history":[{"count":1,"href":"https:\/\/zonaroja.com.mx\/index.php?rest_route=\/wp\/v2\/posts\/42046\/revisions"}],"predecessor-version":[{"id":42048,"href":"https:\/\/zonaroja.com.mx\/index.php?rest_route=\/wp\/v2\/posts\/42046\/revisions\/42048"}],"wp:featuredmedia":[{"embeddable":true,"href":"https:\/\/zonaroja.com.mx\/index.php?rest_route=\/wp\/v2\/media\/42047"}],"wp:attachment":[{"href":"https:\/\/zonaroja.com.mx\/index.php?rest_route=%2Fwp%2Fv2%2Fmedia&parent=42046"}],"wp:term":[{"taxonomy":"category","embeddable":true,"href":"https:\/\/zonaroja.com.mx\/index.php?rest_route=%2Fwp%2Fv2%2Fcategories&post=42046"},{"taxonomy":"post_tag","embeddable":true,"href":"https:\/\/zonaroja.com.mx\/index.php?rest_route=%2Fwp%2Fv2%2Ftags&post=42046"}],"curies":[{"name":"wp","href":"https:\/\/api.w.org\/{rel}","templated":true}]}}