{"id":42052,"date":"2022-06-06T07:36:55","date_gmt":"2022-06-06T12:36:55","guid":{"rendered":"http:\/\/www.zonaroja.com.mx\/?p=42052"},"modified":"2022-06-06T07:36:57","modified_gmt":"2022-06-06T12:36:57","slug":"no-cesan-crimenes-en-zona-triqui-ayer-un-originario-de-copala","status":"publish","type":"post","link":"https:\/\/zonaroja.com.mx\/?p=42052","title":{"rendered":"No cesan cr\u00edmenes en zona Triqui; ayer, un originario de Copala"},"content":{"rendered":"\n<p>Redacci\u00f3n\/Zona Roja.<\/p>\n\n\n\n<p>Oaxaca de Ju\u00e1rez, Oax., 6 de junio de 2022.- La ola de cr\u00edmenes en la zona Triqui de Oaxaca no cesa y ayer por la ma\u00f1ana fue asesinado un individuo originario de Agua Fr\u00eda Copala.<\/p>\n\n\n\n<p>Fue sobre la carretera federal \u201cAlfonso P\u00e9rez Gasga\u201d, a la altura del kil\u00f3metro 109+500, jurisdicci\u00f3n de Santiago Juxtlahuaca, en que localizaron el cuerpo de una persona, de aproximadamente 35 a\u00f1os de edad.<\/p>\n\n\n\n<p>Presentaba varios impactos de arma de fuego y la v\u00edctima fue identificada por sus familiares como \u00d3liver Maldonado L\u00f3pez.<\/p>\n\n\n\n<p>Hasta el momento, ninguna organizaci\u00f3n social lo ha reclamado como su militante y se desconocen los motivos y el o los autores del asesinato y la Vicefiscal\u00eda Regional de la Mixteca inici\u00f3 las indagatorias correspondientes.<\/p>\n","protected":false},"excerpt":{"rendered":"<p>Redacci\u00f3n\/Zona Roja. Oaxaca de Ju\u00e1rez, Oax., 6 de junio de 2022.- La ola de cr\u00edmenes&hellip;<\/p>\n","protected":false},"author":2,"featured_media":42053,"comment_status":"closed","ping_status":"open","sticky":false,"template":"","format":"standard","meta":{"_lmt_disableupdate":"","_lmt_disable":"","_jetpack_memberships_contains_paid_content":false,"footnotes":""},"categories":[109,51],"tags":[826],"class_list":["post-42052","post","type-post","status-publish","format-standard","has-post-thumbnail","hentry","category-minuto-a-minuto","category-zona-roja","tag-santiago-juxtlahuaca"],"jetpack_featured_media_url":"https:\/\/zonaroja.com.mx\/wp-content\/uploads\/2022\/06\/Asesinato-Juxtlahuaca.jpg","jetpack_sharing_enabled":true,"_links":{"self":[{"href":"https:\/\/zonaroja.com.mx\/index.php?rest_route=\/wp\/v2\/posts\/42052","targetHints":{"allow":["GET"]}}],"collection":[{"href":"https:\/\/zonaroja.com.mx\/index.php?rest_route=\/wp\/v2\/posts"}],"about":[{"href":"https:\/\/zonaroja.com.mx\/index.php?rest_route=\/wp\/v2\/types\/post"}],"author":[{"embeddable":true,"href":"https:\/\/zonaroja.com.mx\/index.php?rest_route=\/wp\/v2\/users\/2"}],"replies":[{"embeddable":true,"href":"https:\/\/zonaroja.com.mx\/index.php?rest_route=%2Fwp%2Fv2%2Fcomments&post=42052"}],"version-history":[{"count":1,"href":"https:\/\/zonaroja.com.mx\/index.php?rest_route=\/wp\/v2\/posts\/42052\/revisions"}],"predecessor-version":[{"id":42054,"href":"https:\/\/zonaroja.com.mx\/index.php?rest_route=\/wp\/v2\/posts\/42052\/revisions\/42054"}],"wp:featuredmedia":[{"embeddable":true,"href":"https:\/\/zonaroja.com.mx\/index.php?rest_route=\/wp\/v2\/media\/42053"}],"wp:attachment":[{"href":"https:\/\/zonaroja.com.mx\/index.php?rest_route=%2Fwp%2Fv2%2Fmedia&parent=42052"}],"wp:term":[{"taxonomy":"category","embeddable":true,"href":"https:\/\/zonaroja.com.mx\/index.php?rest_route=%2Fwp%2Fv2%2Fcategories&post=42052"},{"taxonomy":"post_tag","embeddable":true,"href":"https:\/\/zonaroja.com.mx\/index.php?rest_route=%2Fwp%2Fv2%2Ftags&post=42052"}],"curies":[{"name":"wp","href":"https:\/\/api.w.org\/{rel}","templated":true}]}}