{"id":42057,"date":"2022-06-06T08:44:16","date_gmt":"2022-06-06T13:44:16","guid":{"rendered":"http:\/\/www.zonaroja.com.mx\/?p=42057"},"modified":"2022-06-06T09:02:56","modified_gmt":"2022-06-06T14:02:56","slug":"con-quienes-gobernara-salomon-con-sus-hermanos-y-los-priistas","status":"publish","type":"post","link":"https:\/\/zonaroja.com.mx\/?p=42057","title":{"rendered":"\u00bfCon qui\u00e9nes gobernar\u00e1 Salom\u00f3n? \u00bfCon sus hermanos y los priistas?"},"content":{"rendered":"\n<p>Ismael Garc\u00eda M.\/Zona Roja.<\/p>\n\n\n\n<p>Oaxaca de Ju\u00e1rez, Oax., 6 de junio de 2022.- La pregunta no es por qu\u00e9 gan\u00f3 Salom\u00f3n Jara Cruz. El cuestionamiento social es ahora, \u00bfcon qui\u00e9nes gobernar\u00e1?<\/p>\n\n\n\n<p>Como estaba previsto, la contienda electoral la gan\u00f3 el morenista, senador con licencia, casi con el doble de votos sobre su m\u00e1s cercano contrincante.<\/p>\n\n\n\n<p>Ello pese al esfuerzo del candidato priista Alejandro Avil\u00e9s \u00c1lvarez, y el mini apoyo del PRD, as\u00ed como el despliegue de la estructura que arm\u00f3 Javier Villaca\u00f1a Jim\u00e9nez y que al final no alcanz\u00f3 al diputado local.<\/p>\n\n\n\n<p>Hasta la ma\u00f1ana de este lunes, el Programa de Resultados Electorales Preliminares daban un aproximado de 60 por ciento de votos a Jara Cruz y de 25 por ciento para Avil\u00e9s \u00c1lvarez; cifras similares arroj\u00f3 el Conteo R\u00e1pido del Instituto Nacional Electoral.<\/p>\n\n\n\n<p>JORNADA AT\u00cdPICA<\/p>\n\n\n\n<p>Lo primero que hay que destacar de los comicios de este 5 de junio, es la extrema tranquilidad que priv\u00f3 durante todo el d\u00eda, principalmente en el lapso de la emisi\u00f3n de los sufragios.<\/p>\n\n\n\n<p>Los hechos violentos en comunidades coste\u00f1as y del Istmo, fueron menores; en el primer caso, por desatenciones a damnificados por el hurac\u00e1n \u201cAgatha\u201d; en el segundo, por un conflicto social desatendido en San Juan Guichicovi y en San Juan Mazatl\u00e1n.<\/p>\n\n\n\n<p>En ninguno de los casos hubo personas lesionadas, mucho menos p\u00e9rdida de vidas humanas.<\/p>\n\n\n\n<p>Tan menores los l\u00edos que no representaron ni el uno por ciento de las casillas no instaladas y, por supuesto, de ninguna manera impactaron en los resultados.<\/p>\n\n\n\n<p>Lo segundo es la extrema abstenci\u00f3n que se registr\u00f3 durante el domingo, que rond\u00f3 entre 37 y 40 por ciento de participaci\u00f3n, pese a la intensa difusi\u00f3n de las autoridades electorales para convocar al voto.<\/p>\n\n\n\n<p>En la capital como en muchas partes del estado, hubo escasos votantes; en las casillas especiales se terminaron las papeletas antes de concluir la jornada, pero no hubo reclamos, sino unas cuantas inconformidades.<\/p>\n\n\n\n<p>Y, salvo un hecho que denunci\u00f3 en PRI en Ayutla Mixe, tampoco hubo el acarreo de votantes, compra o coacci\u00f3n, entrega previa de l\u00e1minas, despensas u otros apoyos; mucho menos se exhibieron bodegas con este tipo de ayudas. O si los hubo, supieron disfrazarlos muy bien.<\/p>\n\n\n\n<p>La cantaleta que los \u201cservidores de la naci\u00f3n\u201d habr\u00edan sido los orquestadores del voto masivo, tampoco qued\u00f3 demostrado.<\/p>\n\n\n\n<p>\u00c1RBITRO ELECTORAL<\/p>\n\n\n\n<p>Otro asunto a resaltar es la organizaci\u00f3n adecuada de los comicios, por parte del Instituto Estatal Electora, que por primera vez en la historia de Oaxaca, encabeza una mujer, Elizabeth S\u00e1nchez Gonz\u00e1lez.<\/p>\n\n\n\n<p>A lo largo de las sesiones, desde el inicio del proceso electoral, hubo reclamos o detalles menores de los consejeros y de los representantes de los partidos pol\u00edticos, naturales en un \u00f3rgano deliberativo.<\/p>\n\n\n\n<p>El d\u00eda de la elecci\u00f3n, los incidentes en sitios donde no se instalaron las casillas&nbsp;<\/p>\n\n\n\n<p>Mientras que despu\u00e9s de las 20:00 horas del domingo, comenz\u00f3 el Programa de Resultados Electorales Preliminares, que cerr\u00f3 igualmente sin ning\u00fan contratiempo.<\/p>\n\n\n\n<p>La participaci\u00f3n del INE en elecciones locales fue tambi\u00e9n fundamental para culminar una jornada pac\u00edfica.<\/p>\n\n\n\n<p>El abstencionismo tiene muchos factores y por supuesto muchas responsabilidades, incluyendo la de los ciudadanos, pero ello no afecta ni afectar\u00e1 a los resultados; vot\u00f3 quien quiso votar y lo hizo por quien quiso.<\/p>\n\n\n\n<p>\u00bfERRORES ADREDE?<\/p>\n\n\n\n<p>Los conflictos del domingo fueron principalmente por desidia o negligencia o por acci\u00f3n adrede del Gobierno del Estado.<\/p>\n\n\n\n<p>Por ejemplo, en la Secretar\u00eda General de Gobierno prevalece un hartazgo y desd\u00e9n de Francisco Garc\u00eda L\u00f3pez para atender situaciones en San Juan Guichicovi o San Juan Mazatl\u00e1n Mixe, este \u00faltimo cuyos pobladores cometen actos violentos cada vez que quieren y no pasa nada.<\/p>\n\n\n\n<p>En el caso de los damnificados, con toda la raz\u00f3n no acudieron a las urnas al optar por su seguridad alimentaria y el rescate de sus viviendas y poblaciones.<\/p>\n\n\n\n<p>La quema de casillas y paqueter\u00eda s\u00f3lo fue una m\u00ednima respuesta al hartazgo del desd\u00e9n del gobierno, principalmente de la Coordinaci\u00f3n Estatal de Protecci\u00f3n Civil, que ha actuado con extrema pasividad y negligencia frente a la contingencia.<\/p>\n\n\n\n<p>NEOMORENISTAS<\/p>\n\n\n\n<p>El triunfo de Salom\u00f3n Jara no es exclusivo de Morena y s\u00ed tiene todos los componentes priistas. Es decir, el priismo s\u00f3lo se transform\u00f3 en morenismo en Oaxaca, o viceversa.\u00a0<\/p>\n\n\n\n<p>As\u00ed que el gabinete del pr\u00f3ximo gobernador tendr\u00e1 que ser necesariamente integrado por priistas (muratistas y ulisistas), que contribuyeron al voto; traici\u00f3n o no, muchos \u201cdistinguidos\u201d tricolores no quisieron dejar de vivir fuera del presupuesto.<\/p>\n\n\n\n<p>Y el principal gestor de que militantes del PRI estuvieran en Morena y con Salom\u00f3n es Jes\u00fas Romero L\u00f3pez, quien no niega ni ha negado su cercan\u00eda con Ulises Ruiz Ortiz; tanto que a petici\u00f3n de \u00e9ste, integr\u00f3, por ejemplo, a Beatriz Rodr\u00edguez Casasnova.<\/p>\n\n\n\n<p>Contrario a la lucha de \u201cizquierda\u201d, hubo pocos gabinistas en la campa\u00f1a y los habr\u00e1 pocos en el cuerpo de gobierno.<\/p>\n\n\n\n<p>De los priistas, hay muchos ejemplos, principalmente de resentidos por no haber sido tomados en cuenta en el equipo de Alejandro Avil\u00e9s, como Eviel P\u00e9rez Maga\u00f1a, que hizo todo por no aparecer junto a su candidato priista, y Mart\u00edn V\u00e1squez Villanueva, tan relegado que en un arranque present\u00f3 su renuncia a la Cortv, misma que no le ha sido aceptada.<\/p>\n\n\n\n<p>\u00bfNeomorenistas? Por lo menos as\u00ed se asumen priistas de prosapia, como Salom\u00e9 Mart\u00ednez Salazar, quien no mueve ni la u\u00f1a si no es por orden de los Murat. Hasta Jos\u00e9 Manuel Vera Salinas busc\u00f3 cobijo morenista.<\/p>\n\n\n\n<p>\u00bfSamuel Gurri\u00f3n en la Cuarta Transformaci\u00f3n? Ni quien se lo crea, pues ha militado, y vegetado, lo mismo en el PRI -por el que ahora es diputado local- que en el PAN y ahora en el Verde Ecologista.<\/p>\n\n\n\n<p>Ejemplos de priistas hay demasiados incrustados con Jara Cruz, tanto que ya no se distingue la diferencia y se har\u00e1n p\u00fablicos m\u00e1s nombres apenas inicie el pr\u00f3ximo sexenio.<\/p>\n\n\n\n<p>Pero, una de las mayores preocupaciones de los oaxaque\u00f1os es si cobernar\u00e1n los hermanos No\u00e9 y Amador, ex perredistas, con Salom\u00f3n.<\/p>\n\n\n\n<p>Porque finalmente fueron los que llevaron la agenda, movilizaron estructuras, sostuvieron reuniones de trabajo con todas las organizaciones sociales, pol\u00edticas y religiosas, y hasta prometieron puestos en el pr\u00f3ximo gabinete.<\/p>\n\n\n\n<p>Lo sano y pol\u00edticamente correcto es que una vez concluida la campa\u00f1a, se deslinden y separen totalmente de su hermano, porque de lo contrario s\u00f3lo da\u00f1o le har\u00e1n.<\/p>\n\n\n\n<p>\u00bfQU\u00c9 SIGUE?<\/p>\n\n\n\n<p>O de plano el PRI rindi\u00f3 la plaza con mucha anticipaci\u00f3n y\/o negoci\u00f3 -como lo destac\u00f3 desde hace muchas semanas ZONA ROJA- la entrega del Poder Ejecutivo a cambio de impunidad.<\/p>\n\n\n\n<p>No se esperan muchos cambios con el pr\u00f3ximo gobernador; Jara Cruz tampoco resolver\u00e1 en seis a\u00f1os los graves atrasos sociales ni llegar\u00e1n la alegr\u00eda y felicidad a las comunidades tan marginadas y olvidadas por d\u00e9cadas.<\/p>\n\n\n\n<p>Acaso tendr\u00e1 un mayor apoyo del Presidente Andr\u00e9s Manuel L\u00f3pez Obrador, pero con el riesgo de que copie sus modos de gobernar y de acusar y de cuidar a los narcos y azuzar ataques contra la prensa y proteger a los delincuentes y de hacer que aplica la ley\u2026<\/p>\n\n\n\n<p>Eso s\u00ed, tiene la oportunidad de oro de ajustar cuentas, espec\u00edficamente contra la corrupci\u00f3n y el saqueo gubernamental. Esa es la principal esperanza de los oaxaque\u00f1os\u2026 pero ya hay un pacto para no tocar a los a\u00fan gobernantes del estado.<\/p>\n","protected":false},"excerpt":{"rendered":"<p>Ismael Garc\u00eda M.\/Zona Roja. Oaxaca de Ju\u00e1rez, Oax., 6 de junio de 2022.- La pregunta&hellip;<\/p>\n","protected":false},"author":2,"featured_media":41735,"comment_status":"closed","ping_status":"open","sticky":false,"template":"","format":"standard","meta":{"_lmt_disableupdate":"","_lmt_disable":"","_jetpack_memberships_contains_paid_content":false,"footnotes":""},"categories":[456,109,48],"tags":[1353],"class_list":["post-42057","post","type-post","status-publish","format-standard","has-post-thumbnail","hentry","category-columna","category-minuto-a-minuto","category-zona-critica","tag-opinion-zona-critica"],"jetpack_featured_media_url":"https:\/\/zonaroja.com.mx\/wp-content\/uploads\/2022\/05\/Opinion-Ismael-Garcia-M.jpg","jetpack_sharing_enabled":true,"_links":{"self":[{"href":"https:\/\/zonaroja.com.mx\/index.php?rest_route=\/wp\/v2\/posts\/42057","targetHints":{"allow":["GET"]}}],"collection":[{"href":"https:\/\/zonaroja.com.mx\/index.php?rest_route=\/wp\/v2\/posts"}],"about":[{"href":"https:\/\/zonaroja.com.mx\/index.php?rest_route=\/wp\/v2\/types\/post"}],"author":[{"embeddable":true,"href":"https:\/\/zonaroja.com.mx\/index.php?rest_route=\/wp\/v2\/users\/2"}],"replies":[{"embeddable":true,"href":"https:\/\/zonaroja.com.mx\/index.php?rest_route=%2Fwp%2Fv2%2Fcomments&post=42057"}],"version-history":[{"count":2,"href":"https:\/\/zonaroja.com.mx\/index.php?rest_route=\/wp\/v2\/posts\/42057\/revisions"}],"predecessor-version":[{"id":42061,"href":"https:\/\/zonaroja.com.mx\/index.php?rest_route=\/wp\/v2\/posts\/42057\/revisions\/42061"}],"wp:featuredmedia":[{"embeddable":true,"href":"https:\/\/zonaroja.com.mx\/index.php?rest_route=\/wp\/v2\/media\/41735"}],"wp:attachment":[{"href":"https:\/\/zonaroja.com.mx\/index.php?rest_route=%2Fwp%2Fv2%2Fmedia&parent=42057"}],"wp:term":[{"taxonomy":"category","embeddable":true,"href":"https:\/\/zonaroja.com.mx\/index.php?rest_route=%2Fwp%2Fv2%2Fcategories&post=42057"},{"taxonomy":"post_tag","embeddable":true,"href":"https:\/\/zonaroja.com.mx\/index.php?rest_route=%2Fwp%2Fv2%2Ftags&post=42057"}],"curies":[{"name":"wp","href":"https:\/\/api.w.org\/{rel}","templated":true}]}}