{"id":42062,"date":"2022-06-06T09:10:01","date_gmt":"2022-06-06T14:10:01","guid":{"rendered":"http:\/\/www.zonaroja.com.mx\/?p=42062"},"modified":"2022-06-06T09:10:03","modified_gmt":"2022-06-06T14:10:03","slug":"no-cesa-el-covid-en-oaxaca-en-una-semana-294-contagios","status":"publish","type":"post","link":"https:\/\/zonaroja.com.mx\/?p=42062","title":{"rendered":"No cesa el Covid en Oaxaca: en una semana 294 contagios"},"content":{"rendered":"\n<p>Redacci\u00f3n\/Zona Roja.<\/p>\n\n\n\n<p>Oaxaca de Ju\u00e1rez, Oax. 05 de junio de 2022.- Los Servicios de Salud de Oaxaca (SSO), informan que, durante el per\u00edodo comprendido del 29 de mayo al 4 de junio, la entidad registr\u00f3 un acumulado de 120 mil 903 casos confirmados del virus SARS-CoV-2, de los cuales 294 se contabilizaron en los \u00faltimos siete d\u00edas.<\/p>\n\n\n\n<p>En el resumen semanal del panorama estatal de Covid-19, dio a conocer que el global de defunciones desde el inicio de la pandemia a la fecha es de seis mil 201 p\u00e9rdidas de vidas humanas; en tanto, en el lapso que se informa no se notificaron decesos a causa de esta patolog\u00eda respiratoria. Y el promedio de ocupaci\u00f3n hospitalaria fue de 8.5%.<\/p>\n\n\n\n<p>Referente a la distribuci\u00f3n Jurisdiccional del total de contagios, 73 mil 555 corresponden a Valles Centrales, regi\u00f3n con 97 casos activos; el Istmo con 17 mil 135 positivos y 204 casos activos; Tuxtepec con nueve mil 237 positivos y 31 activos; la Costa con ocho mil 392 positivos y 13 casos activos; Mixteca con ocho mil 732 positivos y cero casos activos; la Sierra con dos tres 852 positivos y cinco casos activos.<\/p>\n\n\n\n<p>La instituci\u00f3n destac\u00f3 la importancia de que la poblaci\u00f3n no relaje las medidas de mitigaci\u00f3n contra este Coronavirus a\u00fan vigentes como son: el uso correcto del cubrebocas, lavado de manos frecuente con agua y jab\u00f3n, mantener la sala distancia entre personas, as\u00ed como ventilar los espacios cerrados.<\/p>\n\n\n\n<p>Asimismo, acudir a vacunarse cuando corresponda y estar pendiente de la informaci\u00f3n que difunda el Sector Salud para la aplicaci\u00f3n de las dosis de refuerzo, pues las vacunas reducen el riesgo de desarrollar la enfermedad de manera grave e incluso morir.<\/p>\n\n\n\n<p>La dependencia se\u00f1ala que existen cinco centros de valoraci\u00f3n de primer contacto en la zona conurbada, entre ellos los hospitales General de Zona 1 del IMSS, Regional Presidente Ju\u00e1rez del ISSSTE, General \u201cDoctor Aurelio Valdivieso\u201d, Regional de Alta Especialidad de Oaxaca y el Centro de Salud Urbano 1. Y ante cualquier emergencia marcar al 911.<\/p>\n","protected":false},"excerpt":{"rendered":"<p>Redacci\u00f3n\/Zona Roja. Oaxaca de Ju\u00e1rez, Oax. 05 de junio de 2022.- Los Servicios de Salud&hellip;<\/p>\n","protected":false},"author":2,"featured_media":42063,"comment_status":"closed","ping_status":"open","sticky":false,"template":"","format":"standard","meta":{"_lmt_disableupdate":"","_lmt_disable":"","_jetpack_memberships_contains_paid_content":false,"footnotes":""},"categories":[109,47],"tags":[1512],"class_list":["post-42062","post","type-post","status-publish","format-standard","has-post-thumbnail","hentry","category-minuto-a-minuto","category-zona-gris","tag-coronavirus-oaxaca"],"jetpack_featured_media_url":"https:\/\/zonaroja.com.mx\/wp-content\/uploads\/2022\/06\/Casos-Covid-semana-al-4-de-junio.jpg","jetpack_sharing_enabled":true,"_links":{"self":[{"href":"https:\/\/zonaroja.com.mx\/index.php?rest_route=\/wp\/v2\/posts\/42062","targetHints":{"allow":["GET"]}}],"collection":[{"href":"https:\/\/zonaroja.com.mx\/index.php?rest_route=\/wp\/v2\/posts"}],"about":[{"href":"https:\/\/zonaroja.com.mx\/index.php?rest_route=\/wp\/v2\/types\/post"}],"author":[{"embeddable":true,"href":"https:\/\/zonaroja.com.mx\/index.php?rest_route=\/wp\/v2\/users\/2"}],"replies":[{"embeddable":true,"href":"https:\/\/zonaroja.com.mx\/index.php?rest_route=%2Fwp%2Fv2%2Fcomments&post=42062"}],"version-history":[{"count":1,"href":"https:\/\/zonaroja.com.mx\/index.php?rest_route=\/wp\/v2\/posts\/42062\/revisions"}],"predecessor-version":[{"id":42064,"href":"https:\/\/zonaroja.com.mx\/index.php?rest_route=\/wp\/v2\/posts\/42062\/revisions\/42064"}],"wp:featuredmedia":[{"embeddable":true,"href":"https:\/\/zonaroja.com.mx\/index.php?rest_route=\/wp\/v2\/media\/42063"}],"wp:attachment":[{"href":"https:\/\/zonaroja.com.mx\/index.php?rest_route=%2Fwp%2Fv2%2Fmedia&parent=42062"}],"wp:term":[{"taxonomy":"category","embeddable":true,"href":"https:\/\/zonaroja.com.mx\/index.php?rest_route=%2Fwp%2Fv2%2Fcategories&post=42062"},{"taxonomy":"post_tag","embeddable":true,"href":"https:\/\/zonaroja.com.mx\/index.php?rest_route=%2Fwp%2Fv2%2Ftags&post=42062"}],"curies":[{"name":"wp","href":"https:\/\/api.w.org\/{rel}","templated":true}]}}