{"id":42093,"date":"2022-06-07T08:44:00","date_gmt":"2022-06-07T13:44:00","guid":{"rendered":"http:\/\/www.zonaroja.com.mx\/?p=42093"},"modified":"2022-06-07T06:45:32","modified_gmt":"2022-06-07T11:45:32","slug":"entierra-alito-moreno-al-pri-pierde-10-gubernaturas-en-tres-anos","status":"publish","type":"post","link":"https:\/\/zonaroja.com.mx\/?p=42093","title":{"rendered":"Entierra \u201cAlito\u201d Moreno al PRI; pierde 10 gubernaturas en tres a\u00f1os"},"content":{"rendered":"\n<p>Redacci\u00f3n\/Zona Roja Cdmx.<\/p>\n\n\n\n<p>Ciudad de M\u00e9xico, 7 de junio de 2022.- Como presidente nacional del PRI, Alejandro Moreno ha perdido en tres a\u00f1os 10 gubernaturas.&nbsp;<\/p>\n\n\n\n<p>En ese contexto, su partido enfrentar\u00e1 los comicios de 2023, en los que estar\u00e1n en disputa los dos \u00fanicos estados que le quedan (Coahuila y Edomex), y&nbsp;la negociaci\u00f3n para&nbsp;la candidatura presidencial en 2024, expone \u201cMilenio Diario\u201d.&nbsp;<\/p>\n\n\n\n<p>Durante la gesti\u00f3n de \u201cAlito\u201d, los principales liderazgos priistas han sido noqueados en sus estados de origen: el propio Moreno perdi\u00f3 Campeche de la mano de su sobrino, Christian Castro Bello; su secretaria general, Carolina Viggiano, que contendi\u00f3 como abanderada de PAN, PRI y PRD, no pudo mantener Hidalgo y ni el presidente de la Fundaci\u00f3n Colosio, Jos\u00e9 Murat, y su hijo, Alejandro, gobernador de Oaxaca, metieron las manos por su territorio.&nbsp;<\/p>\n\n\n\n<p>De acuerdo con el Programa de Resultados Electorales Preliminares (PREP), en las elecciones del domingo pasado el PRI perdi\u00f3 180 mil votos en comparaci\u00f3n con los sufragios obtenidos en los comicios federales de 2021, a\u00f1ade la informaci\u00f3n publicada en \u201cMilenio Diario\u00bb.&nbsp;<\/p>\n\n\n\n<p>Esto le sirvi\u00f3 a Morena para ganar cuatro gubernaturas, a pesar de que el incremento de su votaci\u00f3n total fue de solo 1.5&nbsp;por ciento. Los priistas lograron sumar 818 mil sufragios en las elecciones para gobernador, lo cual representa un descenso de 18 por ciento con respecto a los 998 mil votos alcanzados el a\u00f1o pasado en los comicios federales.&nbsp;<\/p>\n\n\n\n<p>La crisis del tricolor se profundiza si se le compara con el trecho perdido por sus aliados pol\u00edticos. El PAN perdi\u00f3 77 mil sufragios con respecto al a\u00f1o anterior, lo que representa un retroceso de 7 por ciento.&nbsp;<\/p>\n\n\n\n<p>El PRD tuvo una disminuci\u00f3n de 32 mil votos, equivalentes a una p\u00e9rdida de simpat\u00edas de&nbsp;20 por ciento.<\/p>\n\n\n\n<p>La mayor p\u00e9rdida para el PRI se dio en Oaxaca, un estado que hist\u00f3ricamente ha entregado buenos resultados para este partido pol\u00edtico, a\u00f1ade \u201cMilenio Diario\u201d.&nbsp;<\/p>\n\n\n\n<p>Los resultados preliminares muestran que consiguieron 246 mil votos, una cifra menor por 104 mil sufragios a lo que tuvieron los candidatos a la C\u00e1mara de Diputados.&nbsp;<\/p>\n\n\n\n<p>De hecho, los votos en favor del PRI solo representan el 21.9 por ciento de las boletas totales, mientras que el candidato de Morena logr\u00f3 obtener el 49.85 por ciento de las preferencias el pasado domingo.&nbsp;<\/p>\n\n\n\n<p>(M\u00e1s informaci\u00f3n, en este enlace de \u201cMilenio Diario\u201d)<\/p>\n\n\n\n<figure class=\"wp-block-embed\"><div class=\"wp-block-embed__wrapper\">\nhttps:\/\/www.milenio.com\/politica\/alito-pri-perdio-10-gubernaturas-anos\n<\/div><\/figure>\n","protected":false},"excerpt":{"rendered":"<p>Redacci\u00f3n\/Zona Roja Cdmx. Ciudad de M\u00e9xico, 7 de junio de 2022.- Como presidente nacional del&hellip;<\/p>\n","protected":false},"author":2,"featured_media":41350,"comment_status":"closed","ping_status":"open","sticky":false,"template":"","format":"standard","meta":{"_lmt_disableupdate":"","_lmt_disable":"","_jetpack_memberships_contains_paid_content":false,"footnotes":""},"categories":[109,47],"tags":[314],"class_list":["post-42093","post","type-post","status-publish","format-standard","has-post-thumbnail","hentry","category-minuto-a-minuto","category-zona-gris","tag-alejandro-moreno-cardenas"],"jetpack_featured_media_url":"https:\/\/zonaroja.com.mx\/wp-content\/uploads\/2022\/05\/Alejandro-Moreno-Cardenas.jpeg","jetpack_sharing_enabled":true,"_links":{"self":[{"href":"https:\/\/zonaroja.com.mx\/index.php?rest_route=\/wp\/v2\/posts\/42093","targetHints":{"allow":["GET"]}}],"collection":[{"href":"https:\/\/zonaroja.com.mx\/index.php?rest_route=\/wp\/v2\/posts"}],"about":[{"href":"https:\/\/zonaroja.com.mx\/index.php?rest_route=\/wp\/v2\/types\/post"}],"author":[{"embeddable":true,"href":"https:\/\/zonaroja.com.mx\/index.php?rest_route=\/wp\/v2\/users\/2"}],"replies":[{"embeddable":true,"href":"https:\/\/zonaroja.com.mx\/index.php?rest_route=%2Fwp%2Fv2%2Fcomments&post=42093"}],"version-history":[{"count":1,"href":"https:\/\/zonaroja.com.mx\/index.php?rest_route=\/wp\/v2\/posts\/42093\/revisions"}],"predecessor-version":[{"id":42094,"href":"https:\/\/zonaroja.com.mx\/index.php?rest_route=\/wp\/v2\/posts\/42093\/revisions\/42094"}],"wp:featuredmedia":[{"embeddable":true,"href":"https:\/\/zonaroja.com.mx\/index.php?rest_route=\/wp\/v2\/media\/41350"}],"wp:attachment":[{"href":"https:\/\/zonaroja.com.mx\/index.php?rest_route=%2Fwp%2Fv2%2Fmedia&parent=42093"}],"wp:term":[{"taxonomy":"category","embeddable":true,"href":"https:\/\/zonaroja.com.mx\/index.php?rest_route=%2Fwp%2Fv2%2Fcategories&post=42093"},{"taxonomy":"post_tag","embeddable":true,"href":"https:\/\/zonaroja.com.mx\/index.php?rest_route=%2Fwp%2Fv2%2Ftags&post=42093"}],"curies":[{"name":"wp","href":"https:\/\/api.w.org\/{rel}","templated":true}]}}