{"id":42104,"date":"2022-06-07T11:04:00","date_gmt":"2022-06-07T16:04:00","guid":{"rendered":"http:\/\/www.zonaroja.com.mx\/?p=42104"},"modified":"2022-06-07T08:05:23","modified_gmt":"2022-06-07T13:05:23","slug":"opinion-la-pobreza-franciscana","status":"publish","type":"post","link":"https:\/\/zonaroja.com.mx\/?p=42104","title":{"rendered":"Opini\u00f3n. La pobreza franciscana"},"content":{"rendered":"\n<p>N\u00e9stor Y. S\u00e1nchez Islas<\/p>\n\n\n\n<p>\u00bfQu\u00e9 es la pobreza franciscana versi\u00f3n 4T?&nbsp;D\u00edcese que es aquella&nbsp;pr\u00e1ctica espiritual que&nbsp;debe&nbsp;aplicarse&nbsp;en los bueyes del compadre una vez que te acabaste los fondos de la naci\u00f3n en proyectos fara\u00f3nicos e in\u00fatiles y&nbsp;malgastaste&nbsp;el&nbsp;erario entregando d\u00e1divas a tu clientela electoral.<\/p>\n\n\n\n<p>Aunque tal vez la pobreza franciscana decretada en el p\u00falpito obradorista sea solo otro distractor para tratar de disimular el desastre al que ha llevado a M\u00e9xico.<\/p>\n\n\n\n<p>Pobreza&nbsp;es en la que quedaron los afectados de la Costa oaxaque\u00f1a tras el golpe del primer hurac\u00e1n de la temporada, o tal vez sea en la que est\u00e1n los miles de familiares de personas enfermas y que perdieron el Seguro Popular o sus tratamientos contra el c\u00e1ncer y ahora deben pagar de su propia bolsa.<\/p>\n\n\n\n<p>Y los cientos de miles de familias que lucharon contra el Covid y tuvieron que comprar ox\u00edgeno y medicamentos a precios&nbsp;estratosf\u00e9ricos. O los funcionarios despedidos del gobierno en el inicio de su sexenio o los empleados que perdieron el trabajo al quebrar las empresas en la&nbsp;pandemia.<\/p>\n\n\n\n<p>Pobreza es a la que se condena a los ni\u00f1os al cancelar la Reforma Educativa y devolver el control de la educaci\u00f3n a la mafia de la CNTE, o en la que quedan las familias de los desaparecidos al tener que hacer ellos mismos el trabajo de las fiscal\u00edas.<\/p>\n\n\n\n<p>Provocar la ca\u00edda de la econom\u00eda es fomentar la pobreza. Prometi\u00f3 un 6%, luego un 4; termin\u00f3 por conformarse con apenas 0.1% de crecimiento y con ello regresar a 3.5 millones de mexicanos a condiciones de vida que ya hab\u00edan&nbsp;superado&nbsp;gracias al&nbsp;conservador per\u00edodo neoliberal.<\/p>\n\n\n\n<p>No llegamos al sexto a\u00f1o de gobierno, pero el presidente empieza a mandar claras se\u00f1ales de lo que vendr\u00e1 cu\u00e1ndo \u00e9l se vaya: el que lo suceda tendr\u00e1 que aplicar estrictas&nbsp;e impopulares&nbsp;medidas econ\u00f3micas para corregir el desastre actual. Y con seguridad, los&nbsp;obradoristas&nbsp;saldr\u00e1n a las calles a protestar olvidando que el desastre lo provoc\u00f3 \u00e9l.<\/p>\n\n\n\n<p>Caso concreto en este momento son los subsidios a la gasolina. Se calcula que ser\u00e1n alrededor de 400 mil millones de pesos que tendr\u00e1 que usar de los ingresos petroleros y fiscales para evitar el alza a las gasolinas.&nbsp;Ese dinero dejar\u00e1 de aplicarse&nbsp;en&nbsp;infraestructura,&nbsp;salud y&nbsp;seguridad.&nbsp;Cuesta m\u00e1s el subsidio a las gasolinas que lo que gana Pemex por los altos precios del petr\u00f3leo.<\/p>\n\n\n\n<p>La pobreza anunciada es el adelanto de que el gobierno ya no tiene dinero. Ya se acab\u00f3 los fondos del Fonden, de los Fideicomisos, de los recortes a todas las dependencias menos al ej\u00e9rcito, de los despidos y de todo lo recortado a machetazo limpio.&nbsp;Muchos economistas hab\u00edan advertido que llegar\u00eda el momento en que el presidente no dispondr\u00eda de fondos, y el momento lleg\u00f3.<\/p>\n\n\n\n<p>No se ha cansado de repetir que no ha endeudado al pa\u00eds, pero los datos en internet del propio Banco Mundial lo desmienten. El monto de los cr\u00e9ditos solicitados rebasa, en solo tres a\u00f1os, todo lo que pidi\u00f3 Pe\u00f1a Nieto en seis.&nbsp;Ese dinero tendr\u00e1 que pagarse,&nbsp;pero \u00e9l ya estar\u00e1 muy c\u00f3modo en su rancho, ajeno a nuestros problemas porque \u00e9l tendr\u00e1 el futuro resuelto.<\/p>\n\n\n\n<p>El tiempo se le acab\u00f3, \u00e9l lo sabe y est\u00e1 empezando a justificarse. Sabe que el suyo ser\u00e1 un sexenio perdido en crecimiento econ\u00f3mico y en desarrollo educativo, cient\u00edfico y tecnol\u00f3gico&nbsp;porque no es capaz de entender al mundo moderno.<\/p>\n\n\n\n<p>Este discurso&nbsp;glorificador&nbsp;de la pobreza&nbsp;tiene un sentido religioso, pero es mentira que la pobreza traiga la felicidad. Basta ver los rostros de millones de mexicanos que viven en ella y desean, por lo menos, ascender a una&nbsp;clase media baja.<\/p>\n\n\n\n<p>La indigencia que pregona es para aplicaci\u00f3n en los dem\u00e1s. Vivir en un palacio y tener hijos viviendo a todo lujo en el extranjero&nbsp;muestran su falta de congruencia y lo muestran como un demagogo.<\/p>\n\n\n\n<p>Muy preocupado est\u00e1 por el lugar que ocupar\u00e1 en la historia. De hecho, desde el inicio de su mandato \u00e9l mismo se coloc\u00f3 a la altura de los grandes h\u00e9roes nacionales&nbsp;y a su \u201cmovimiento\u201d le dio una trascendencia hist\u00f3rica al se\u00f1alarlo como la 4\u00aa transformaci\u00f3n del pa\u00eds.<\/p>\n\n\n\n<p>Claro que ocupar\u00e1 un lugar en la historia, pero no el que \u00e9l cree.&nbsp;Carece de&nbsp;virtudes&nbsp;pol\u00edticas,&nbsp;filos\u00f3ficas&nbsp;odivinas&nbsp;para trascender en el plano espiritual, pol\u00edtico o hist\u00f3rico.&nbsp;La superioridad moral&nbsp;que pregona solo se la cree \u00e9l y sus fan\u00e1ticos.<\/p>\n\n\n\n<p>En lugar de fomentar la pobreza deber\u00eda combatirla. La gente no es pobre por su voluntad, son las circunstancias hist\u00f3ricas de este pa\u00eds lo que impide&nbsp;una mayor movilidad social&nbsp;que permita llevar a esos millones de mexicanos a una digna clase media con mejores est\u00e1ndares de vida.<\/p>\n\n\n\n<p>Combatir la pobreza no es f\u00e1cil y requiere mucho m\u00e1s que la filosof\u00eda del simplismo con que se comporta y trata de solucionar los graves problemas nacionales.&nbsp;El tiempo pol\u00edtico se le agot\u00f3, la sucesi\u00f3n ya la tiene encima&nbsp;y la declinaci\u00f3n de su poder se acentuar\u00e1 por la falta de recursos p\u00fablicos. Lo poco que le queda es radicalizarse m\u00e1s.<\/p>\n\n\n\n<p>Twitter @nestoryuri<\/p>\n","protected":false},"excerpt":{"rendered":"<p>N\u00e9stor Y. S\u00e1nchez Islas \u00bfQu\u00e9 es la pobreza franciscana versi\u00f3n 4T?&nbsp;D\u00edcese que es aquella&nbsp;pr\u00e1ctica espiritual&hellip;<\/p>\n","protected":false},"author":2,"featured_media":41861,"comment_status":"closed","ping_status":"open","sticky":false,"template":"","format":"standard","meta":{"_lmt_disableupdate":"","_lmt_disable":"","_jetpack_memberships_contains_paid_content":false,"footnotes":""},"categories":[456,109],"tags":[3050],"class_list":["post-42104","post","type-post","status-publish","format-standard","has-post-thumbnail","hentry","category-columna","category-minuto-a-minuto","tag-nestor-yuri-sanchez"],"jetpack_featured_media_url":"https:\/\/zonaroja.com.mx\/wp-content\/uploads\/2022\/05\/Opinion-Nestor-Yuri-Sanchez-Islas.jpg","jetpack_sharing_enabled":true,"_links":{"self":[{"href":"https:\/\/zonaroja.com.mx\/index.php?rest_route=\/wp\/v2\/posts\/42104","targetHints":{"allow":["GET"]}}],"collection":[{"href":"https:\/\/zonaroja.com.mx\/index.php?rest_route=\/wp\/v2\/posts"}],"about":[{"href":"https:\/\/zonaroja.com.mx\/index.php?rest_route=\/wp\/v2\/types\/post"}],"author":[{"embeddable":true,"href":"https:\/\/zonaroja.com.mx\/index.php?rest_route=\/wp\/v2\/users\/2"}],"replies":[{"embeddable":true,"href":"https:\/\/zonaroja.com.mx\/index.php?rest_route=%2Fwp%2Fv2%2Fcomments&post=42104"}],"version-history":[{"count":1,"href":"https:\/\/zonaroja.com.mx\/index.php?rest_route=\/wp\/v2\/posts\/42104\/revisions"}],"predecessor-version":[{"id":42105,"href":"https:\/\/zonaroja.com.mx\/index.php?rest_route=\/wp\/v2\/posts\/42104\/revisions\/42105"}],"wp:featuredmedia":[{"embeddable":true,"href":"https:\/\/zonaroja.com.mx\/index.php?rest_route=\/wp\/v2\/media\/41861"}],"wp:attachment":[{"href":"https:\/\/zonaroja.com.mx\/index.php?rest_route=%2Fwp%2Fv2%2Fmedia&parent=42104"}],"wp:term":[{"taxonomy":"category","embeddable":true,"href":"https:\/\/zonaroja.com.mx\/index.php?rest_route=%2Fwp%2Fv2%2Fcategories&post=42104"},{"taxonomy":"post_tag","embeddable":true,"href":"https:\/\/zonaroja.com.mx\/index.php?rest_route=%2Fwp%2Fv2%2Ftags&post=42104"}],"curies":[{"name":"wp","href":"https:\/\/api.w.org\/{rel}","templated":true}]}}