{"id":42108,"date":"2022-06-07T11:16:00","date_gmt":"2022-06-07T16:16:00","guid":{"rendered":"http:\/\/www.zonaroja.com.mx\/?p=42108"},"modified":"2022-06-07T08:23:07","modified_gmt":"2022-06-07T13:23:07","slug":"oaxaca-mostro-compromiso-con-la-democracia-y-civilidad-politica-elizabeth-sanchez","status":"publish","type":"post","link":"https:\/\/zonaroja.com.mx\/?p=42108","title":{"rendered":"Oaxaca mostr\u00f3 compromiso con la democracia y civilidad pol\u00edtica: Elizabeth S\u00e1nchez"},"content":{"rendered":"\n<p>Yuridiana Sosa\/Zona Roja.<\/p>\n\n\n\n<p>Oaxaca de Ju\u00e1rez, Oax., 7 de junio de 2022.- Durante la jornada electoral del 5 de junio, para elegir al nuevo titular del Poder Ejecutivo de la entidad, Oaxaca \u201cdemostr\u00f3 su compromiso con la democracia y su madurez c\u00edvica y pol\u00edtica\u201d, reconoci\u00f3 la presidenta del Consejo General del Instituto Estatal Electoral y de Participaci\u00f3n Ciudadana de Oaxaca (IEEPCO), Elizabeth S\u00e1nchez Gonz\u00e1lez.<\/p>\n\n\n\n<p>La consejera presidenta del IEEPCO emiti\u00f3 un mensaje para reconocer el importante desempe\u00f1o de la ciudadan\u00eda oaxaque\u00f1a para el desarrollo de dicha jornada, en la que resalt\u00f3 el orden y la paz de forma general con la que todas y todos salieron a emitir su voto.<\/p>\n\n\n\n<p>\u201cQuiero reconocer el civismo y la responsabilidad mostradas por la ciudadan\u00eda en la jornada, confirmamos que es por la v\u00eda pac\u00edfica y a trav\u00e9s del sufragio ejercido en libertad como se determinan los puestos de gobierno o de representaci\u00f3n popular\u201d, expres\u00f3 S\u00e1nchez Gonz\u00e1lez.<\/p>\n\n\n\n<p>A nombre de IEEPCO, la Consejera General del organismo tambi\u00e9n ofreci\u00f3 un reconocimiento y agradecimiento a los partidos pol\u00edticos, a los candidatos y candidatas de los partidos, a los postulantes independientes, a instituciones que apoyaron y a los medios de comunicaci\u00f3n que contribuyeron para el \u00e9xito de la jornada.<\/p>\n\n\n\n<p>Pero, de manera especial, dijo, el IEEPCO reconoce \u201ca toda la ciudadan\u00eda por contribuir para demostrar que en Oaxaca las elecciones forman parte de nuestra vida democr\u00e1tica cotidiana\u201d.<\/p>\n\n\n\n<p>Debido a que en este proceso y durante la jornada incluye a actores importantes en el ejercicio de la democracia, S\u00e1nchez Gonz\u00e1lez, no pas\u00f3 por alto a la ciudadan\u00eda que particip\u00f3 como funcionarios o funcionarias de casilla, a quienes realizaron observaci\u00f3n electoral, o fungieron como Capacitador-Asistente Electoral (CAE).<\/p>\n\n\n\n<p>Adem\u00e1s de los trabajadores del Instituto Estatal Electoral y de Participaci\u00f3n Ciudadana de Oaxaca (IEEPCO) y del Instituto Nacional Electoral (INE), pues \u201cla elecci\u00f3n la hicimos todas y todos\u201d, recalc\u00f3.<\/p>\n\n\n\n<p>Con esta jornada los oaxaque\u00f1os definen el rumbo de nuestra entidad y \u201cno hay m\u00e1s que sentir orgullo por este ejercicio democr\u00e1tico\u201d, expres\u00f3 la consejera presidenta, primera mujer en ocupar el cargo al frente del Instituto.<\/p>\n","protected":false},"excerpt":{"rendered":"<p>Yuridiana Sosa\/Zona Roja. Oaxaca de Ju\u00e1rez, Oax., 7 de junio de 2022.- Durante la jornada&hellip;<\/p>\n","protected":false},"author":2,"featured_media":42109,"comment_status":"closed","ping_status":"open","sticky":false,"template":"","format":"standard","meta":{"_lmt_disableupdate":"","_lmt_disable":"","_jetpack_memberships_contains_paid_content":false,"footnotes":""},"categories":[1],"tags":[2924],"class_list":["post-42108","post","type-post","status-publish","format-standard","has-post-thumbnail","hentry","category-sin-categoria","tag-elizabeth-sanchez-gonzalez"],"jetpack_featured_media_url":"https:\/\/zonaroja.com.mx\/wp-content\/uploads\/2022\/06\/Elizabeth-Sanchez-Gonzalez.jpg","jetpack_sharing_enabled":true,"_links":{"self":[{"href":"https:\/\/zonaroja.com.mx\/index.php?rest_route=\/wp\/v2\/posts\/42108","targetHints":{"allow":["GET"]}}],"collection":[{"href":"https:\/\/zonaroja.com.mx\/index.php?rest_route=\/wp\/v2\/posts"}],"about":[{"href":"https:\/\/zonaroja.com.mx\/index.php?rest_route=\/wp\/v2\/types\/post"}],"author":[{"embeddable":true,"href":"https:\/\/zonaroja.com.mx\/index.php?rest_route=\/wp\/v2\/users\/2"}],"replies":[{"embeddable":true,"href":"https:\/\/zonaroja.com.mx\/index.php?rest_route=%2Fwp%2Fv2%2Fcomments&post=42108"}],"version-history":[{"count":1,"href":"https:\/\/zonaroja.com.mx\/index.php?rest_route=\/wp\/v2\/posts\/42108\/revisions"}],"predecessor-version":[{"id":42110,"href":"https:\/\/zonaroja.com.mx\/index.php?rest_route=\/wp\/v2\/posts\/42108\/revisions\/42110"}],"wp:featuredmedia":[{"embeddable":true,"href":"https:\/\/zonaroja.com.mx\/index.php?rest_route=\/wp\/v2\/media\/42109"}],"wp:attachment":[{"href":"https:\/\/zonaroja.com.mx\/index.php?rest_route=%2Fwp%2Fv2%2Fmedia&parent=42108"}],"wp:term":[{"taxonomy":"category","embeddable":true,"href":"https:\/\/zonaroja.com.mx\/index.php?rest_route=%2Fwp%2Fv2%2Fcategories&post=42108"},{"taxonomy":"post_tag","embeddable":true,"href":"https:\/\/zonaroja.com.mx\/index.php?rest_route=%2Fwp%2Fv2%2Ftags&post=42108"}],"curies":[{"name":"wp","href":"https:\/\/api.w.org\/{rel}","templated":true}]}}