{"id":42111,"date":"2022-06-07T10:23:00","date_gmt":"2022-06-07T15:23:00","guid":{"rendered":"http:\/\/www.zonaroja.com.mx\/?p=42111"},"modified":"2022-06-07T21:49:44","modified_gmt":"2022-06-08T02:49:44","slug":"amlo-hace-guino-a-murat-y-fayad-para-gobierno-agarrense-vamos-a-hacer-mucho-mas","status":"publish","type":"post","link":"https:\/\/zonaroja.com.mx\/?p=42111","title":{"rendered":"AMLO hace gui\u00f1o a Murat y Fayad para gobierno; \u2018ag\u00e1rrense, vamos a hacer mucho m\u00e1s\u2019"},"content":{"rendered":"\n<p>Redacci\u00f3n\/Zona Roja Cdmx.<\/p>\n\n\n\n<p>Ciudad de M\u00e9xico, 7 de junio de 2022.- El presidente Andr\u00e9s Manuel L\u00f3pez Obrador dijo este lunes que considerar\u00e1 integrar a su gobierno a los todav\u00eda gobernadores priistas de Oaxaca e Hidalgo, Alejandro Murat Hinojosa y Omar Fayad, respectivamente, ya que su experiencia podr\u00eda aportar a M\u00e9xico en el exterior o dentro de su gabinete.<\/p>\n\n\n\n<p>Esta declaraci\u00f3n se da, un d\u00eda despu\u00e9s de las elecciones para gobernador en dichas entidades donde Morena, de la mano de Julio Menchaca y Salvador Jara, arrebataron al PRI dichos bastiones despu\u00e9s de d\u00e9cadas de gobiernos.<\/p>\n\n\n\n<p>\u2014\u00bfVienen gobernadores salientes, los va a invitar a su gabinete a conformarlo?<\/p>\n\n\n\n<p>\u2014A algunos s\u00ed\u2014 se apresur\u00f3 a contestar el mandatario federal en su rueda de prensa.<\/p>\n\n\n\n<p>\u2014\u00bfAlg\u00fan nombre ah\u00ed, de Oaxaca, Hidalgo?<\/p>\n\n\n\n<p>\u2014S\u00ed, poco a poco, poco a poco. Tienen experiencia, pueden representar a M\u00e9xico en otros pa\u00edses, pueden ayudar aqu\u00ed.<\/p>\n\n\n\n<p>\u2014\u00bfSe referir\u00eda a alguna Secretar\u00eda?<\/p>\n\n\n\n<p>\u2014A un encargo importante, porque aqu\u00ed no hay cargos, son encargos o son cargos con encargo, pero se enojan mucho los expertos cuando hablo de estos temas. La idea es sacar adelante el proyecto, la transformaci\u00f3n, va a ser realmente muy importante el legado a las nuevas generaciones.<\/p>\n\n\n\n<p>Aunque reconoci\u00f3 que a su gobierno le quedan poco m\u00e1s de dos a\u00f1os, ocupar\u00e1 el tiempo para hacer m\u00e1s obras de transformaci\u00f3n en M\u00e9xico.<\/p>\n\n\n\n<p>\u201cTenemos que apurarnos porque ya nos quedan dos a\u00f1os, claro que si en menos de cuatro a\u00f1os hemos hecho bastante, a\u00fan con la pandemia, toco madera que no vaya a venir otra calamidad, pero en estos dos a\u00f1os ag\u00e1rrense porque vamos a hacer mucho m\u00e1s, mucho m\u00e1s, mucho m\u00e1s\u201d, sostuvo.<\/p>\n\n\n\n<p>(Informaci\u00f3n de Forbes M\u00e9xico)<\/p>\n","protected":false},"excerpt":{"rendered":"<p>Redacci\u00f3n\/Zona Roja Cdmx. Ciudad de M\u00e9xico, 7 de junio de 2022.- El presidente Andr\u00e9s Manuel&hellip;<\/p>\n","protected":false},"author":2,"featured_media":42123,"comment_status":"closed","ping_status":"open","sticky":false,"template":"","format":"standard","meta":{"_lmt_disableupdate":"","_lmt_disable":"","_jetpack_memberships_contains_paid_content":false,"footnotes":""},"categories":[109,46],"tags":[173],"class_list":["post-42111","post","type-post","status-publish","format-standard","has-post-thumbnail","hentry","category-minuto-a-minuto","category-zona-blanca","tag-alejandro-murat-hinojosa"],"jetpack_featured_media_url":"https:\/\/zonaroja.com.mx\/wp-content\/uploads\/2022\/06\/Alejandro-Miurat-Obrador-y-Omar-Fayad.jpg","jetpack_sharing_enabled":true,"_links":{"self":[{"href":"https:\/\/zonaroja.com.mx\/index.php?rest_route=\/wp\/v2\/posts\/42111","targetHints":{"allow":["GET"]}}],"collection":[{"href":"https:\/\/zonaroja.com.mx\/index.php?rest_route=\/wp\/v2\/posts"}],"about":[{"href":"https:\/\/zonaroja.com.mx\/index.php?rest_route=\/wp\/v2\/types\/post"}],"author":[{"embeddable":true,"href":"https:\/\/zonaroja.com.mx\/index.php?rest_route=\/wp\/v2\/users\/2"}],"replies":[{"embeddable":true,"href":"https:\/\/zonaroja.com.mx\/index.php?rest_route=%2Fwp%2Fv2%2Fcomments&post=42111"}],"version-history":[{"count":1,"href":"https:\/\/zonaroja.com.mx\/index.php?rest_route=\/wp\/v2\/posts\/42111\/revisions"}],"predecessor-version":[{"id":42112,"href":"https:\/\/zonaroja.com.mx\/index.php?rest_route=\/wp\/v2\/posts\/42111\/revisions\/42112"}],"wp:featuredmedia":[{"embeddable":true,"href":"https:\/\/zonaroja.com.mx\/index.php?rest_route=\/wp\/v2\/media\/42123"}],"wp:attachment":[{"href":"https:\/\/zonaroja.com.mx\/index.php?rest_route=%2Fwp%2Fv2%2Fmedia&parent=42111"}],"wp:term":[{"taxonomy":"category","embeddable":true,"href":"https:\/\/zonaroja.com.mx\/index.php?rest_route=%2Fwp%2Fv2%2Fcategories&post=42111"},{"taxonomy":"post_tag","embeddable":true,"href":"https:\/\/zonaroja.com.mx\/index.php?rest_route=%2Fwp%2Fv2%2Ftags&post=42111"}],"curies":[{"name":"wp","href":"https:\/\/api.w.org\/{rel}","templated":true}]}}