{"id":42114,"date":"2022-06-07T18:26:15","date_gmt":"2022-06-07T23:26:15","guid":{"rendered":"https:\/\/www.zonaroja.com.mx\/?p=42114"},"modified":"2022-06-07T18:26:17","modified_gmt":"2022-06-07T23:26:17","slug":"denuncian-desvio-por-mas-de-40-mdp-de-iocifed-eran-para-universidad-de-nochixtlan","status":"publish","type":"post","link":"https:\/\/zonaroja.com.mx\/?p=42114","title":{"rendered":"Denuncian desv\u00edo por m\u00e1s de 40 MDP de IOCIFED; eran para Universidad de Nochixtl\u00e1n"},"content":{"rendered":"\n<p>Yuridiana Sos\/ Zona Roja<\/p>\n\n\n\n<p>Oaxaca de Ju\u00e1rez, Oax., 07 de junio de 2022.- Al rededor de 41.4 millones de pesos, autorizados por el gobierno federal para obras en la Universidad de Nochixtl\u00e1n, en la regi\u00f3n Mixteca, fueron \u201cdesaparecidos\u201d por el Instituto Oaxaque\u00f1o Constructor de Infraestructura F\u00edsica Educativa (IOCIFED).<br>As\u00ed lo denunciaron integrantes del Comit\u00e9 de Victimas de Nochixtl\u00e1n y el Frente Popular Revolucionario (FPR), en supuesta representaci\u00f3n de los afectados, quienes \u201ctomaron\u201d este martes las oficinas de la dependencia estatal al norte de la capital del estado.<\/p>\n\n\n\n<p>Por medio de pintas en la barda del inmueble, los manifestantes acusaron corrupci\u00f3n por parte del titular del IOCIFED, Adolfo Maldonado Fuentes, quien se\u00f1al\u00f3 en diciembre de 2021 que el recurso por 31.4 millones de pesos autorizados para 12 aulas en la Universidad fue cancelado, as\u00ed como tambi\u00e9n se regresaron por supuestas \u00f3rdenes del gobierno de M\u00e9xico otros 10 millones de pesos para la construcci\u00f3n de una barda.<\/p>\n\n\n\n<p>Sin embargo, en consulta con la autoridad federal sobre la cancelaci\u00f3n de dicho dinero, se les inform\u00f3 que no contaban con registro sobre la devoluci\u00f3n de esos recursos.<br>Tras tener conocimiento de la situaci\u00f3n, este a\u00f1o, y pedir una reuni\u00f3n con el director del organismo dependiente del Instituto Estatal de Educaci\u00f3n P\u00fablica de Oaxaca, este no ha dado respuesta a su petici\u00f3n.<\/p>\n\n\n\n<p>Motivo por el cual decidieron manifestarse para exigir una mesa de di\u00e1logo con el Secretario General de Gobierno de Oaxaca, Francisco Garc\u00eda.<br><\/p>\n","protected":false},"excerpt":{"rendered":"<p>Yuridiana Sos\/ Zona Roja Oaxaca de Ju\u00e1rez, Oax., 07 de junio de 2022.- Al rededor&hellip;<\/p>\n","protected":false},"author":2,"featured_media":42113,"comment_status":"closed","ping_status":"open","sticky":false,"template":"","format":"standard","meta":{"_lmt_disableupdate":"","_lmt_disable":"","_jetpack_memberships_contains_paid_content":false,"footnotes":""},"categories":[109,47],"tags":[],"class_list":["post-42114","post","type-post","status-publish","format-standard","has-post-thumbnail","hentry","category-minuto-a-minuto","category-zona-gris"],"jetpack_featured_media_url":"https:\/\/zonaroja.com.mx\/wp-content\/uploads\/2022\/06\/ee1dae49-51b9-4285-94d7-cae30e7ebbeb.jpg","jetpack_sharing_enabled":true,"_links":{"self":[{"href":"https:\/\/zonaroja.com.mx\/index.php?rest_route=\/wp\/v2\/posts\/42114","targetHints":{"allow":["GET"]}}],"collection":[{"href":"https:\/\/zonaroja.com.mx\/index.php?rest_route=\/wp\/v2\/posts"}],"about":[{"href":"https:\/\/zonaroja.com.mx\/index.php?rest_route=\/wp\/v2\/types\/post"}],"author":[{"embeddable":true,"href":"https:\/\/zonaroja.com.mx\/index.php?rest_route=\/wp\/v2\/users\/2"}],"replies":[{"embeddable":true,"href":"https:\/\/zonaroja.com.mx\/index.php?rest_route=%2Fwp%2Fv2%2Fcomments&post=42114"}],"version-history":[{"count":1,"href":"https:\/\/zonaroja.com.mx\/index.php?rest_route=\/wp\/v2\/posts\/42114\/revisions"}],"predecessor-version":[{"id":42115,"href":"https:\/\/zonaroja.com.mx\/index.php?rest_route=\/wp\/v2\/posts\/42114\/revisions\/42115"}],"wp:featuredmedia":[{"embeddable":true,"href":"https:\/\/zonaroja.com.mx\/index.php?rest_route=\/wp\/v2\/media\/42113"}],"wp:attachment":[{"href":"https:\/\/zonaroja.com.mx\/index.php?rest_route=%2Fwp%2Fv2%2Fmedia&parent=42114"}],"wp:term":[{"taxonomy":"category","embeddable":true,"href":"https:\/\/zonaroja.com.mx\/index.php?rest_route=%2Fwp%2Fv2%2Fcategories&post=42114"},{"taxonomy":"post_tag","embeddable":true,"href":"https:\/\/zonaroja.com.mx\/index.php?rest_route=%2Fwp%2Fv2%2Ftags&post=42114"}],"curies":[{"name":"wp","href":"https:\/\/api.w.org\/{rel}","templated":true}]}}