{"id":42116,"date":"2022-06-07T20:02:12","date_gmt":"2022-06-08T01:02:12","guid":{"rendered":"http:\/\/www.zonaroja.com.mx\/?p=42116"},"modified":"2022-06-07T20:02:15","modified_gmt":"2022-06-08T01:02:15","slug":"conmemora-asociacion-de-periodistas-44-aniversario-de-fundacion","status":"publish","type":"post","link":"https:\/\/zonaroja.com.mx\/?p=42116","title":{"rendered":"Conmemora Asociaci\u00f3n de Periodistas 44 aniversario de fundaci\u00f3n"},"content":{"rendered":"\n<p>Yuridiana Sosa\/Zona Roja.<\/p>\n\n\n\n<p>Oaxaca de Ju\u00e1rez, Oax., 7 de junio de 2022.- Integrantes de la Asociaci\u00f3n de Periodistas de Oaxaca (APO) conmemoraron este martes los 44 a\u00f1os de la creaci\u00f3n de esta agrupaci\u00f3n de comunicadores.<\/p>\n\n\n\n<p>En una ceremonia en la explanada de la Libertad de Expresi\u00f3n, en la calle Santos Degollado de la capital, destacaron la labor de este gremio, uno de los m\u00e1s longevos del pa\u00eds, as\u00ed como sobre el escenario de violencia e impunidad que viven las y los comunicadores.<\/p>\n\n\n\n<p>Carlos Cervantes, socio fundador de la APO, apunt\u00f3 que desde el surgimiento de este grupo recibieron agresiones por medio de un pasqu\u00edn que titularon \u201cAPO: Cueva de bandidos\u201d, pues hubo sectores a los que no les gust\u00f3 la organizaci\u00f3n de este importante gremio.<\/p>\n\n\n\n<p>Luego de mencionar algunos episodios de los primeros para su consolidaci\u00f3n, Carlos Cervantes fue tajante al mencionar que \u201ces humillante\u201d que se piense y que se acepte que el sector oficial (los gobiernos) deben dar dinero a los reporteros o a un periodista.<\/p>\n\n\n\n<p>Es \u201chumillante\u201d que el sector oficial, recalc\u00f3, deba \u201ccompletar\u201d el sueldo, y quien lo recibe no es un verdadero periodista; antes, mejor renunciar por otro trabajo, agreg\u00f3.<\/p>\n\n\n\n<p>Por su parte, el columnista Adri\u00e1n Ortiz Romero, lament\u00f3 que tan s\u00f3lo en este a\u00f1o se han asesinado a 11 periodistas en M\u00e9xico, entre ellos el de Heber L\u00f3pez ocurrido el 10 de febrero de este a\u00f1o, lo que convierte al 2022 como el a\u00f1o m\u00e1s violento para el gremio en M\u00e9xico.<\/p>\n\n\n\n<p>\u201cHoy es un d\u00eda para recordar a los compa\u00f1eros ca\u00eddos, para exigir a las autoridades que haga su trabajo, garantizar derechos y libertades\u201d, expres\u00f3.<\/p>\n\n\n\n<p>Tambi\u00e9n se\u00f1al\u00f3 la falta de garant\u00edas laborales que actualmente la mayor\u00eda de los periodistas y trabajadores de los medios de comunicaci\u00f3n carecen; desde trabajos mal remunerados a la falta de seguridad social.<\/p>\n\n\n\n<p>Las diferentes carencias hacen del periodismo un gremio a\u00fan m\u00e1s de riesgo, pues no solo se enfrenta a la violencia del crimen organizado, tambi\u00e9n al clima de impunidad de los tres niveles de gobierno ante las agresiones que se reciben, pero de las que son c\u00f3mplices al no aplicar justicia y ni siquiera mostrar inter\u00e9s.<\/p>\n\n\n\n<p>\u201cNosotros frente a ellos y frente a todos lo que quieren tener callado a los medios tenemos la fuerza de la palabra, no necesitamos armas y tampoco deber\u00edamos necesitar chalecos antibalas, m\u00e1s bien necesitamos un clima de seguridad y certidumbre en que se respeten nuestros derechos y se garantice nuestro trabajo\u201d, asever\u00f3 el columnista.&nbsp;<\/p>\n","protected":false},"excerpt":{"rendered":"<p>Yuridiana Sosa\/Zona Roja. Oaxaca de Ju\u00e1rez, Oax., 7 de junio de 2022.- Integrantes de la&hellip;<\/p>\n","protected":false},"author":2,"featured_media":42117,"comment_status":"closed","ping_status":"open","sticky":false,"template":"","format":"standard","meta":{"_lmt_disableupdate":"","_lmt_disable":"","_jetpack_memberships_contains_paid_content":false,"footnotes":""},"categories":[109,46],"tags":[1041],"class_list":["post-42116","post","type-post","status-publish","format-standard","has-post-thumbnail","hentry","category-minuto-a-minuto","category-zona-blanca","tag-asociacion-de-periodistas-de-oaxaca-apo"],"jetpack_featured_media_url":"https:\/\/zonaroja.com.mx\/wp-content\/uploads\/2022\/06\/Aniversario-APO-Oaxaca.jpg","jetpack_sharing_enabled":true,"_links":{"self":[{"href":"https:\/\/zonaroja.com.mx\/index.php?rest_route=\/wp\/v2\/posts\/42116","targetHints":{"allow":["GET"]}}],"collection":[{"href":"https:\/\/zonaroja.com.mx\/index.php?rest_route=\/wp\/v2\/posts"}],"about":[{"href":"https:\/\/zonaroja.com.mx\/index.php?rest_route=\/wp\/v2\/types\/post"}],"author":[{"embeddable":true,"href":"https:\/\/zonaroja.com.mx\/index.php?rest_route=\/wp\/v2\/users\/2"}],"replies":[{"embeddable":true,"href":"https:\/\/zonaroja.com.mx\/index.php?rest_route=%2Fwp%2Fv2%2Fcomments&post=42116"}],"version-history":[{"count":1,"href":"https:\/\/zonaroja.com.mx\/index.php?rest_route=\/wp\/v2\/posts\/42116\/revisions"}],"predecessor-version":[{"id":42118,"href":"https:\/\/zonaroja.com.mx\/index.php?rest_route=\/wp\/v2\/posts\/42116\/revisions\/42118"}],"wp:featuredmedia":[{"embeddable":true,"href":"https:\/\/zonaroja.com.mx\/index.php?rest_route=\/wp\/v2\/media\/42117"}],"wp:attachment":[{"href":"https:\/\/zonaroja.com.mx\/index.php?rest_route=%2Fwp%2Fv2%2Fmedia&parent=42116"}],"wp:term":[{"taxonomy":"category","embeddable":true,"href":"https:\/\/zonaroja.com.mx\/index.php?rest_route=%2Fwp%2Fv2%2Fcategories&post=42116"},{"taxonomy":"post_tag","embeddable":true,"href":"https:\/\/zonaroja.com.mx\/index.php?rest_route=%2Fwp%2Fv2%2Ftags&post=42116"}],"curies":[{"name":"wp","href":"https:\/\/api.w.org\/{rel}","templated":true}]}}