{"id":42119,"date":"2022-06-07T20:07:35","date_gmt":"2022-06-08T01:07:35","guid":{"rendered":"http:\/\/www.zonaroja.com.mx\/?p=42119"},"modified":"2022-06-07T20:07:37","modified_gmt":"2022-06-08T01:07:37","slug":"continuan-llegando-a-la-capital-quejas-de-damnificados-por-huracan","status":"publish","type":"post","link":"https:\/\/zonaroja.com.mx\/?p=42119","title":{"rendered":"Contin\u00faan llegando a la capital quejas de damnificados por hurac\u00e1n"},"content":{"rendered":"\n<p>Yuridiana Sosa\/Zona Roja.<\/p>\n\n\n\n<p>Oaxaca de Ju\u00e1rez, Oax., 7 de junio de 2022.- Autoridades y habitantes de diferentes municipios de la Sierra Sur y de la Costa se manifestaron este martes en la capital de Oaxaca, pues a m\u00e1s de una semana del impacto del hurac\u00e1n \u201cAgatha\u201d, no han recibido apoyos de v\u00edveres, servicios b\u00e1sicos y para el restablecer labores del campo.<\/p>\n\n\n\n<p>En conferencias por separado, representantes de agencias de San Juan Ozolotepec y Santa Mar\u00eda Ozolotepec y San Francisco Ozolotepec, adem\u00e1s de finqueros de caf\u00e9 de Pluma Hidalgo, se\u00f1alaron que la ayuda del gobierno del estado, principalmente, se ha limitado a las cabeceras municipales, mientras que decenas de comunidades siguen incomunicadas.<\/p>\n\n\n\n<p>Autoridades auxiliares de San Andr\u00e9s Lovene, del municipio de San Juan Ozolotepec, se\u00f1alaron que su comunidad sigue sin acceso y sin ning\u00fan tipo de auxilio otorgado por las autoridades.<\/p>\n\n\n\n<p>Urgidos en ayuda, las autoridades salieron a pie de su comunidad y tras 15 horas de camino llegaron a Santa Mar\u00eda Huatulco el viernes pasado para que las autoridades que se localizan en el aeropuerto les pudieran brindar ayuda, pero no recibieron atenci\u00f3n.<\/p>\n\n\n\n<p>Fui hasta el domingo cuando por medio de un centro de acopio por parte de la poblaci\u00f3n de Huatulco que lograron llevar un poco de v\u00edveres, lo cual fue insuficiente, por lo que debieron acudir a la capital, detallaron Aten\u00f3genes Miguel Ruiz y Baltazar Pacheco, agente y secretario municipal, respectivamente.<\/p>\n\n\n\n<p>Misma precariedad viven habitantes de San Juan Guivini del municipio de San Francisco Ozolotepec, donde hasta este martes elementos de la Secretar\u00eda de la Defensa Nacional ingresaron con un poco de v\u00edveres, pero no cuentan con agua potable ni energ\u00eda el\u00e9ctrica.<\/p>\n\n\n\n<p>En San Pablo Ozolotepec del municipio de Santa Maria Ozolotepec, las viviendas de adobe sufrieron el deslave de paredes y varias de estas est\u00e1n hechas lodo.<\/p>\n\n\n\n<p>AYUDA PARA EL CAMPO<\/p>\n\n\n\n<p>Representantes de fincas de Pluma Hidalgo tambi\u00e9n alzaron la voz para exigir atenci\u00f3n presencial de la Secretar\u00eda de Desarrollo Agropecuario, Pesca y Acuacultura (Sedapa) para que realice un censo de los da\u00f1os.<\/p>\n\n\n\n<p>Los afectados, Yalitza Rodr\u00edguez y Ra\u00fal Navarro apuntaron que son cerca de 25 finqueros de caf\u00e9 los que resultaron damnificados, lo que representa una cifra importante en hect\u00e1reas, sin embargo, la autoridad pide a los productores enviar el reporte georreferenciado cuando no cuentan ni con energ\u00eda el\u00e9ctrica ni internet.<\/p>\n\n\n\n<p>Varias de las fincas se localizan a tres horas a pie de la cabecera municipal, pues por ahora es la \u00fanica forma de traslado.<\/p>\n\n\n\n<p>La ayuda debe ser urgente, apuntaron, pues recuperarse de este desastre natural por ahora les cost\u00f3 la producci\u00f3n de este a\u00f1o, y posiblemente podr\u00e1n cosechar hasta en 10 o 12 a\u00f1os, como ocurri\u00f3 cuando fueron impactados por los huracanes \u201cCarlota\u201d y \u201cPaulina\u201d.<\/p>\n\n\n\n<p>Adem\u00e1s del caf\u00e9, tambi\u00e9n hay afectaciones en otros cultivos como son de pl\u00e1tano, guan\u00e1bana, cacao y en la producci\u00f3n de miel de la abeja melipona, que ante la falta de flora se encuentra en riesgo.<\/p>\n\n\n\n<p>La falta de ayuda gubernamental se vio reflejada tambi\u00e9n por medio de otras protestas en el transcurso de la semana, como ocurri\u00f3 la noche de ayer habitantes de la localidad El Colorado, del municipio de San Pedro Pochutla, que realizaron un bloqueo en la carretera federal 175, en jurisdicci\u00f3n de ese municipio para exigir atenci\u00f3n de las autoridades estatales y federales para los damnificados del hurac\u00e1n \u201cAgatha\u201d, que azot\u00f3 en ese lugar desde el pasado 30 de mayo.<\/p>\n","protected":false},"excerpt":{"rendered":"<p>Yuridiana Sosa\/Zona Roja. Oaxaca de Ju\u00e1rez, Oax., 7 de junio de 2022.- Autoridades y habitantes&hellip;<\/p>\n","protected":false},"author":2,"featured_media":42120,"comment_status":"closed","ping_status":"open","sticky":false,"template":"","format":"standard","meta":{"_lmt_disableupdate":"","_lmt_disable":"","_jetpack_memberships_contains_paid_content":false,"footnotes":""},"categories":[109,47],"tags":[],"class_list":["post-42119","post","type-post","status-publish","format-standard","has-post-thumbnail","hentry","category-minuto-a-minuto","category-zona-gris"],"jetpack_featured_media_url":"https:\/\/zonaroja.com.mx\/wp-content\/uploads\/2022\/06\/Damnificados-huracan-Agatha.jpg","jetpack_sharing_enabled":true,"_links":{"self":[{"href":"https:\/\/zonaroja.com.mx\/index.php?rest_route=\/wp\/v2\/posts\/42119","targetHints":{"allow":["GET"]}}],"collection":[{"href":"https:\/\/zonaroja.com.mx\/index.php?rest_route=\/wp\/v2\/posts"}],"about":[{"href":"https:\/\/zonaroja.com.mx\/index.php?rest_route=\/wp\/v2\/types\/post"}],"author":[{"embeddable":true,"href":"https:\/\/zonaroja.com.mx\/index.php?rest_route=\/wp\/v2\/users\/2"}],"replies":[{"embeddable":true,"href":"https:\/\/zonaroja.com.mx\/index.php?rest_route=%2Fwp%2Fv2%2Fcomments&post=42119"}],"version-history":[{"count":1,"href":"https:\/\/zonaroja.com.mx\/index.php?rest_route=\/wp\/v2\/posts\/42119\/revisions"}],"predecessor-version":[{"id":42121,"href":"https:\/\/zonaroja.com.mx\/index.php?rest_route=\/wp\/v2\/posts\/42119\/revisions\/42121"}],"wp:featuredmedia":[{"embeddable":true,"href":"https:\/\/zonaroja.com.mx\/index.php?rest_route=\/wp\/v2\/media\/42120"}],"wp:attachment":[{"href":"https:\/\/zonaroja.com.mx\/index.php?rest_route=%2Fwp%2Fv2%2Fmedia&parent=42119"}],"wp:term":[{"taxonomy":"category","embeddable":true,"href":"https:\/\/zonaroja.com.mx\/index.php?rest_route=%2Fwp%2Fv2%2Fcategories&post=42119"},{"taxonomy":"post_tag","embeddable":true,"href":"https:\/\/zonaroja.com.mx\/index.php?rest_route=%2Fwp%2Fv2%2Ftags&post=42119"}],"curies":[{"name":"wp","href":"https:\/\/api.w.org\/{rel}","templated":true}]}}