{"id":4212,"date":"2019-09-23T09:27:35","date_gmt":"2019-09-23T14:27:35","guid":{"rendered":"http:\/\/www.zonaroja.com.mx\/?p=4212"},"modified":"2019-09-23T09:27:46","modified_gmt":"2019-09-23T14:27:46","slug":"disfraza-el-presidente-nacional-del-pri-sus-bienes","status":"publish","type":"post","link":"https:\/\/zonaroja.com.mx\/?p=4212","title":{"rendered":"Disfraza el presidente nacional del PRI sus bienes"},"content":{"rendered":"\n<p>Redacci\u00f3n\/Zona\nRoja Cdmx.<\/p>\n\n\n\n<p>Ciudad de\nM\u00e9xico, 23 de septiembre de 2019.- La investigaci\u00f3n contra Alejandro Moreno\nC\u00e1rdenas, &nbsp;busca comprobar c\u00f3mo el\ndirigente nacional del PRI disfraz\u00f3 el valor real de al menos 15 inmuebles que\nadquiri\u00f3 en Campeche, y que en su declaraci\u00f3n patrimonial 3 de 3 valu\u00f3 en apenas\n6.5 millones de pesos, cuando su valor real rebasar\u00eda los 100 millones de\npesos.<\/p>\n\n\n\n<p>Adem\u00e1s, de\nacuerdo con el diario \u201cReforma\u201d, conforme la denuncia presentada por el\nexgobernador de Oaxaca, Ulises Ruiz Ortiz, la cual deriv\u00f3 en la apertura de la\ncarpeta de investigaci\u00f3n FED\/FECC\/UNAICAMP\/0000294\/2019, las propiedades fueron\ncompradas por \u00abAlito\u00bb con dinero en efectivo cuya procedencia se\ndesconoce.<\/p>\n\n\n\n<p>\u00abEllo\npodr\u00eda constituir un il\u00edcito de car\u00e1cter fiscal, surgiendo adem\u00e1s la\ninterrogante sobre el origen de los recursos con que fueron pagados dichos\npredios, pues de la declaraci\u00f3n (3 de 3) se desprende que los pagos fueron\nhechos de contado, lo que podr\u00eda generar la presunci\u00f3n de estar en presencia de\noperaciones con recursos de procedencia il\u00edcita\u00bb, asever\u00f3 el oaxaque\u00f1o.<\/p>\n\n\n\n<p>En la\ndenuncia, Ruiz cit\u00f3 las publicaciones de \u201cReforma\u201d, en las que se inform\u00f3 que\nMoreno C\u00e1rdenas es propietario de una residencia de m\u00e1s de 46 millones de pesos\nque construy\u00f3 en dos a\u00f1os en los que declar\u00f3 ingresos anuales por 5 millones de\npesos siendo gobernador.<\/p>\n\n\n\n<p>En la denuncia\nante la Fiscal\u00eda General de la Rep\u00fablica (FGR), Ruiz hace referencia a la\nnotable variaci\u00f3n entre los precios declarados por el dirigente priista y el\nvalor comercial calculado en cada uno de los a\u00f1os en los que fueron compradas\nlas propiedades.<\/p>\n\n\n\n<p>En la lista\ndestaca un predio de casi 40 mil metros cuadrados cuyo valor de escritura\ndeclarado por \u00abAlito\u00bb es de apenas 155 mil pesos, pero que seg\u00fan el\ndenunciante tiene un valor arriba de los 83 millones de pesos.<\/p>\n\n\n\n<p>Ortiz\nplante\u00f3 a la FGR que la Unidad de Inteligencia Financiera informaci\u00f3n sobre las\ncuentas bancarias de Moreno C\u00e1rdenas e incluso de los vendedores de los\ninmuebles para verificar cu\u00e1nto fue lo que en realidad recibieron como pago,\nas\u00ed como de los notarios que dieron fe de las transacciones.<\/p>\n\n\n\n<p>En tanto,\nAlejandro Moreno advirti\u00f3 ayer que se mantendr\u00e1n como una oposici\u00f3n fuerte,\ncombativa y transparente y que no permitir\u00e1n intimidaciones ni revanchas\npol\u00edticas que busquen silenciarlo.<\/p>\n\n\n\n<p>\u00abQuienes\npretendan dividirnos se encontrar\u00e1n con un partido unido, fuerte y convencido\nde que nuestra mayor fortaleza es la firmeza con la que trabajamos a favor de\nM\u00e9xico\u00bb, escribi\u00f3 en su cuenta de Twitter.<\/p>\n","protected":false},"excerpt":{"rendered":"<p>Redacci\u00f3n\/Zona Roja Cdmx. Ciudad de M\u00e9xico, 23 de septiembre de 2019.- La investigaci\u00f3n contra Alejandro&hellip;<\/p>\n","protected":false},"author":2,"featured_media":4213,"comment_status":"closed","ping_status":"open","sticky":false,"template":"","format":"standard","meta":{"_lmt_disableupdate":"","_lmt_disable":"","_jetpack_memberships_contains_paid_content":false,"footnotes":""},"categories":[109,47],"tags":[314],"class_list":["post-4212","post","type-post","status-publish","format-standard","has-post-thumbnail","hentry","category-minuto-a-minuto","category-zona-gris","tag-alejandro-moreno-cardenas"],"jetpack_featured_media_url":"https:\/\/zonaroja.com.mx\/wp-content\/uploads\/2019\/09\/alejandro-moreno-cardenas.jpg","jetpack_sharing_enabled":true,"_links":{"self":[{"href":"https:\/\/zonaroja.com.mx\/index.php?rest_route=\/wp\/v2\/posts\/4212","targetHints":{"allow":["GET"]}}],"collection":[{"href":"https:\/\/zonaroja.com.mx\/index.php?rest_route=\/wp\/v2\/posts"}],"about":[{"href":"https:\/\/zonaroja.com.mx\/index.php?rest_route=\/wp\/v2\/types\/post"}],"author":[{"embeddable":true,"href":"https:\/\/zonaroja.com.mx\/index.php?rest_route=\/wp\/v2\/users\/2"}],"replies":[{"embeddable":true,"href":"https:\/\/zonaroja.com.mx\/index.php?rest_route=%2Fwp%2Fv2%2Fcomments&post=4212"}],"version-history":[{"count":1,"href":"https:\/\/zonaroja.com.mx\/index.php?rest_route=\/wp\/v2\/posts\/4212\/revisions"}],"predecessor-version":[{"id":4214,"href":"https:\/\/zonaroja.com.mx\/index.php?rest_route=\/wp\/v2\/posts\/4212\/revisions\/4214"}],"wp:featuredmedia":[{"embeddable":true,"href":"https:\/\/zonaroja.com.mx\/index.php?rest_route=\/wp\/v2\/media\/4213"}],"wp:attachment":[{"href":"https:\/\/zonaroja.com.mx\/index.php?rest_route=%2Fwp%2Fv2%2Fmedia&parent=4212"}],"wp:term":[{"taxonomy":"category","embeddable":true,"href":"https:\/\/zonaroja.com.mx\/index.php?rest_route=%2Fwp%2Fv2%2Fcategories&post=4212"},{"taxonomy":"post_tag","embeddable":true,"href":"https:\/\/zonaroja.com.mx\/index.php?rest_route=%2Fwp%2Fv2%2Ftags&post=4212"}],"curies":[{"name":"wp","href":"https:\/\/api.w.org\/{rel}","templated":true}]}}