{"id":42127,"date":"2022-06-07T22:33:10","date_gmt":"2022-06-08T03:33:10","guid":{"rendered":"http:\/\/www.zonaroja.com.mx\/?p=42127"},"modified":"2022-06-07T22:33:12","modified_gmt":"2022-06-08T03:33:12","slug":"asesinan-a-dos-personas-en-la-ciudad-de-oaxaca-entre-ellas-una-mujer","status":"publish","type":"post","link":"https:\/\/zonaroja.com.mx\/?p=42127","title":{"rendered":"Asesinan a dos personas en la ciudad de Oaxaca, entre ellas una mujer"},"content":{"rendered":"\n<p>Ismael Garc\u00eda M.\/Zona Roja.<\/p>\n\n\n\n<p>Oaxaca de Ju\u00e1rez, Oax., 7 de junio de 2022.- En dos hechos distintos, dos personas, una de ella del sexo femenino, fueron asesinadas esta noche en la ciudad de Oaxaca.<\/p>\n\n\n\n<p>Uno de los hechos ocurri\u00f3 en un domicilio de la calle Belisario Dom\u00ednguez n\u00famero 207-B casi esquina con Las Rosas, de la colonia Reforma.<\/p>\n\n\n\n<p>Sujetos armados ingresaron al lugar y ultimaron a una persona, adem\u00e1s de lesionar a otra.<\/p>\n\n\n\n<p>En otro hecho, en la agencia de Dolores, al norte de la capital oaxaque\u00f1a, ocurri\u00f3 otro ataque armado, en que de manera preliminar se inform\u00f3 que fue ultimada una mujer.<\/p>\n\n\n\n<p>Hasta el momento las dos v\u00edctimas no han sido identificadas hasta el momento y personal de la Fiscal\u00eda General del Estado de Oaxaca ya se encuentra en la zona.<\/p>\n\n\n\n<figure class=\"wp-block-embed is-type-rich is-provider-twitter wp-block-embed-twitter\"><div class=\"wp-block-embed__wrapper\">\n<div class=\"twitter-tweet\"><blockquote class=\"twitter-tweet\" data-lang=\"es\"><p lang=\"es\" dir=\"ltr\"><a href=\"https:\/\/twitter.com\/hashtag\/%C3%9AltimoMinuto?src=hash&amp;ref_src=twsrc%5Etfw\">#\u00daltimoMinuto<\/a> <br>2. El segundo caso es un probable feminicidio y se registr\u00f3 en la agencia de Dolores, al norte de la capital oaxaque\u00f1a; autoridades ministeriales ya indaga los hechos. <a href=\"https:\/\/t.co\/KvytDNpftn\">pic.twitter.com\/KvytDNpftn<\/a><\/p>&mdash; Zona Roja Oaxaca (@ZonaRoja_Oaxaca) <a href=\"https:\/\/twitter.com\/ZonaRoja_Oaxaca\/status\/1534377274220417026?ref_src=twsrc%5Etfw\">8 de junio de 2022<\/a><\/blockquote><\/div>\n<\/div><\/figure>\n","protected":false},"excerpt":{"rendered":"<p>Ismael Garc\u00eda M.\/Zona Roja. Oaxaca de Ju\u00e1rez, Oax., 7 de junio de 2022.- En dos&hellip;<\/p>\n","protected":false},"author":2,"featured_media":42128,"comment_status":"closed","ping_status":"open","sticky":false,"template":"","format":"standard","meta":{"_lmt_disableupdate":"","_lmt_disable":"","_jetpack_memberships_contains_paid_content":false,"footnotes":""},"categories":[109,51],"tags":[],"class_list":["post-42127","post","type-post","status-publish","format-standard","has-post-thumbnail","hentry","category-minuto-a-minuto","category-zona-roja"],"jetpack_featured_media_url":"https:\/\/zonaroja.com.mx\/wp-content\/uploads\/2022\/06\/Asesinato-colonia-Reforma-ciudad-de-Oaxaca.jpeg","jetpack_sharing_enabled":true,"_links":{"self":[{"href":"https:\/\/zonaroja.com.mx\/index.php?rest_route=\/wp\/v2\/posts\/42127","targetHints":{"allow":["GET"]}}],"collection":[{"href":"https:\/\/zonaroja.com.mx\/index.php?rest_route=\/wp\/v2\/posts"}],"about":[{"href":"https:\/\/zonaroja.com.mx\/index.php?rest_route=\/wp\/v2\/types\/post"}],"author":[{"embeddable":true,"href":"https:\/\/zonaroja.com.mx\/index.php?rest_route=\/wp\/v2\/users\/2"}],"replies":[{"embeddable":true,"href":"https:\/\/zonaroja.com.mx\/index.php?rest_route=%2Fwp%2Fv2%2Fcomments&post=42127"}],"version-history":[{"count":1,"href":"https:\/\/zonaroja.com.mx\/index.php?rest_route=\/wp\/v2\/posts\/42127\/revisions"}],"predecessor-version":[{"id":42129,"href":"https:\/\/zonaroja.com.mx\/index.php?rest_route=\/wp\/v2\/posts\/42127\/revisions\/42129"}],"wp:featuredmedia":[{"embeddable":true,"href":"https:\/\/zonaroja.com.mx\/index.php?rest_route=\/wp\/v2\/media\/42128"}],"wp:attachment":[{"href":"https:\/\/zonaroja.com.mx\/index.php?rest_route=%2Fwp%2Fv2%2Fmedia&parent=42127"}],"wp:term":[{"taxonomy":"category","embeddable":true,"href":"https:\/\/zonaroja.com.mx\/index.php?rest_route=%2Fwp%2Fv2%2Fcategories&post=42127"},{"taxonomy":"post_tag","embeddable":true,"href":"https:\/\/zonaroja.com.mx\/index.php?rest_route=%2Fwp%2Fv2%2Ftags&post=42127"}],"curies":[{"name":"wp","href":"https:\/\/api.w.org\/{rel}","templated":true}]}}