{"id":42130,"date":"2022-06-08T07:31:00","date_gmt":"2022-06-08T12:31:00","guid":{"rendered":"http:\/\/www.zonaroja.com.mx\/?p=42130"},"modified":"2022-06-08T07:31:01","modified_gmt":"2022-06-08T12:31:01","slug":"habrian-detenido-a-presunto-asesino-de-militante-de-morena-en-juchitan","status":"publish","type":"post","link":"https:\/\/zonaroja.com.mx\/?p=42130","title":{"rendered":"Habr\u00edan detenido a presunto asesino de militante de Morena en Juchit\u00e1n"},"content":{"rendered":"\n<p>Redacci\u00f3n\/Zona Roja.<\/p>\n\n\n\n<p>Oaxaca de Ju\u00e1rez, Oax., 8 de junio de 2022.- Personal de la Fiscal\u00eda General del Estado de Oaxaca detuvo en Juchit\u00e1n de Zaragoza a un individuo que ser\u00eda el autor del crimen del m\u00e9dico y militante de Morena, Carlos Eduardo L. M., ultimado a balazos el pasado viernes 3 de junio en Juchit\u00e1n de Zaragoza.<\/p>\n\n\n\n<p>Hasta el momento no hay versi\u00f3n oficial de la aprehensi\u00f3n, que ocurri\u00f3 ayer martes y el sujeto fue trasladado a la ciudad de Oaxaca; este d\u00eda ser\u00eda vinculado a proceso.<\/p>\n\n\n\n<p>Como se inform\u00f3, el m\u00e9dico Carlos Eduardo, cercano al virtual gobernador de Oaxaca, Salom\u00f3n Jara Cruz, fue ultimado por disparos de arma de fuego alrededor de las 16:30 horas horas del viernes 3 de junio.<\/p>\n\n\n\n<p>El ataque armado fue en la calle de Reforma esquina con \u00c1lvaro Obreg\u00f3n en Juchit\u00e1n de Zaragoza, cuando se desplazaba a bordo de su unidad de motor Toyota, tipo RV4, color rojo y con placas de circulaci\u00f3n TMF-4238 del estado.<\/p>\n\n\n\n<p>Param\u00e9dicos del Cuerpo de Bomberos arribaron al lugar para auxiliarlo y trasladarlo al hospital, pero dej\u00f3 de existir a pesar del esfuerzo de los m\u00e9dicos.<\/p>\n\n\n\n<p>Tras los hechos, las corporaciones polic\u00edacas implementaron operativos para buscar a los responsables y la Fiscal\u00eda General del Estado inici\u00f3 una Carpeta de Investigaci\u00f3n sobre el caso.<\/p>\n","protected":false},"excerpt":{"rendered":"<p>Redacci\u00f3n\/Zona Roja. Oaxaca de Ju\u00e1rez, Oax., 8 de junio de 2022.- Personal de la Fiscal\u00eda&hellip;<\/p>\n","protected":false},"author":2,"featured_media":41968,"comment_status":"closed","ping_status":"open","sticky":false,"template":"","format":"standard","meta":{"_lmt_disableupdate":"","_lmt_disable":"","_jetpack_memberships_contains_paid_content":false,"footnotes":""},"categories":[109,47],"tags":[3160],"class_list":["post-42130","post","type-post","status-publish","format-standard","has-post-thumbnail","hentry","category-minuto-a-minuto","category-zona-gris","tag-carlos-eduardo-lopez-martinez"],"jetpack_featured_media_url":"https:\/\/zonaroja.com.mx\/wp-content\/uploads\/2022\/06\/Medico-ejecutado-en-Juchitan-.jpg","jetpack_sharing_enabled":true,"_links":{"self":[{"href":"https:\/\/zonaroja.com.mx\/index.php?rest_route=\/wp\/v2\/posts\/42130","targetHints":{"allow":["GET"]}}],"collection":[{"href":"https:\/\/zonaroja.com.mx\/index.php?rest_route=\/wp\/v2\/posts"}],"about":[{"href":"https:\/\/zonaroja.com.mx\/index.php?rest_route=\/wp\/v2\/types\/post"}],"author":[{"embeddable":true,"href":"https:\/\/zonaroja.com.mx\/index.php?rest_route=\/wp\/v2\/users\/2"}],"replies":[{"embeddable":true,"href":"https:\/\/zonaroja.com.mx\/index.php?rest_route=%2Fwp%2Fv2%2Fcomments&post=42130"}],"version-history":[{"count":1,"href":"https:\/\/zonaroja.com.mx\/index.php?rest_route=\/wp\/v2\/posts\/42130\/revisions"}],"predecessor-version":[{"id":42131,"href":"https:\/\/zonaroja.com.mx\/index.php?rest_route=\/wp\/v2\/posts\/42130\/revisions\/42131"}],"wp:featuredmedia":[{"embeddable":true,"href":"https:\/\/zonaroja.com.mx\/index.php?rest_route=\/wp\/v2\/media\/41968"}],"wp:attachment":[{"href":"https:\/\/zonaroja.com.mx\/index.php?rest_route=%2Fwp%2Fv2%2Fmedia&parent=42130"}],"wp:term":[{"taxonomy":"category","embeddable":true,"href":"https:\/\/zonaroja.com.mx\/index.php?rest_route=%2Fwp%2Fv2%2Fcategories&post=42130"},{"taxonomy":"post_tag","embeddable":true,"href":"https:\/\/zonaroja.com.mx\/index.php?rest_route=%2Fwp%2Fv2%2Ftags&post=42130"}],"curies":[{"name":"wp","href":"https:\/\/api.w.org\/{rel}","templated":true}]}}