{"id":42132,"date":"2022-06-08T07:48:27","date_gmt":"2022-06-08T12:48:27","guid":{"rendered":"http:\/\/www.zonaroja.com.mx\/?p=42132"},"modified":"2022-06-08T07:48:29","modified_gmt":"2022-06-08T12:48:29","slug":"avanza-la-construccion-de-la-escuela-judicial-de-oaxaca","status":"publish","type":"post","link":"https:\/\/zonaroja.com.mx\/?p=42132","title":{"rendered":"Avanza la construcci\u00f3n de la Escuela Judicial de Oaxaca"},"content":{"rendered":"\n<p>Redacci\u00f3n\/Zona Roja.<\/p>\n\n\n\n<p>Oaxaca de Ju\u00e1rez, Oax., 8 de junio de 2022.- Como parte de los trabajos de modernizaci\u00f3n&nbsp;y adecuaci\u00f3n&nbsp;de las diferentes \u00e1reas del Poder Judicial del Estado, avanzan las obras del edificio resiliente de la Escuela Judicial, que se construye en&nbsp;el complejo&nbsp;del Centro Recreativo&nbsp;de la instituci\u00f3n, en Tlalixtac de Cabrera&nbsp;y que ser\u00e1 el primer plantel antis\u00edsmico en Oaxaca.&nbsp;<\/p>\n\n\n\n<p>El inmueble cuenta&nbsp;con un&nbsp;sistema de seguridad estructural para resistir los movimientos tel\u00faricos que constantemente se perciben en la entidad, adem\u00e1s de que dignificar\u00e1 la infraestructura para la formaci\u00f3n de&nbsp;las y&nbsp;los operadores&nbsp;judiciales y&nbsp;atender\u00e1 un tema sensible como es la convivencia familiar&nbsp;ya que contar\u00e1 con&nbsp;sal\u00f3n de tareas y una ludoteca, con el fin de que padres e hijos que se encuentren involucrados en un asunto judicial puedan reunirse en espacios dignos.<\/p>\n\n\n\n<p>En las instalaciones de un predio anexo al Centro Recreativo del Poder Judicial, el cual&nbsp;dispone de&nbsp;amplios espacios y \u00e1reas verdes,&nbsp;se llevan a cabo los trabajos&nbsp;con base a los proyectos ejecutivos avalados y que, en suma, permitir\u00e1n que&nbsp;pr\u00f3ximamente la instituci\u00f3n cuente&nbsp;con&nbsp;un edificio&nbsp;propio&nbsp;para brindar una atenci\u00f3n de calidad.&nbsp;<\/p>\n\n\n\n<p>Al respecto, el magistrado presidente del Tribunal Superior de Justicia&nbsp;y del Consejo de la Judicatura, Eduardo Pinacho S\u00e1nchez, mencion\u00f3&nbsp;que con el&nbsp;fin de construir un sistema de justicia m\u00e1s eficiente y moderno&nbsp;que garantice a la sociedad espacios dignos y adecuados, la instituci\u00f3n lleva a cabo importantes obras&nbsp;como el&nbsp;edificio resiliente de la Escuela Judicial.&nbsp;<\/p>\n\n\n\n<p>En una primera&nbsp;etapa, se&nbsp;contempla la construcci\u00f3n de siete aulas, vest\u00edbulos, cub\u00edculos, m\u00f3dulos sanitarios, cimentaci\u00f3n y estructura, acabados, canceler\u00eda, construcci\u00f3n de andadores, cisterna y conexi\u00f3n al drenaje.<\/p>\n\n\n\n<p>Por otra parte, destac\u00f3 que en lo&nbsp;que va de&nbsp;su administraci\u00f3n se&nbsp;han&nbsp;concluido los&nbsp;Centros de Justicia en diferentes regiones del estado,&nbsp;mismos que&nbsp;constituyen un proyecto con distintas implicaciones,&nbsp;ya que&nbsp;son inmuebles que cuentan con las condiciones, recursos y elementos para desarrollar una justicia m\u00e1s moderna e innovadora, sobre todo con las condiciones que permitan desarrollar sistemas procesales contempor\u00e1neos.<\/p>\n\n\n\n<p>Estos espacios se iniciaron en el a\u00f1o 2015, de los cuales solo funcionaban cuatro de los nueve existentes, es decir, los de Tuxtepec, Miahuatl\u00e1n, Sola de Vega y Huajuapan. El a\u00f1o pasado&nbsp;iniciaron funciones&nbsp;los de&nbsp;El Espinal, Putla y Ejutla,&nbsp;Ixtl\u00e1n&nbsp;y Tanivet.<\/p>\n","protected":false},"excerpt":{"rendered":"<p>Redacci\u00f3n\/Zona Roja. Oaxaca de Ju\u00e1rez, Oax., 8 de junio de 2022.- Como parte de los&hellip;<\/p>\n","protected":false},"author":2,"featured_media":42133,"comment_status":"closed","ping_status":"open","sticky":false,"template":"","format":"standard","meta":{"_lmt_disableupdate":"","_lmt_disable":"","_jetpack_memberships_contains_paid_content":false,"footnotes":""},"categories":[109,46],"tags":[223],"class_list":["post-42132","post","type-post","status-publish","format-standard","has-post-thumbnail","hentry","category-minuto-a-minuto","category-zona-blanca","tag-poder-judicial-de-oaxaca"],"jetpack_featured_media_url":"https:\/\/zonaroja.com.mx\/wp-content\/uploads\/2022\/06\/Obras-Poder-Judicial-Oaxaca.jpg","jetpack_sharing_enabled":true,"_links":{"self":[{"href":"https:\/\/zonaroja.com.mx\/index.php?rest_route=\/wp\/v2\/posts\/42132","targetHints":{"allow":["GET"]}}],"collection":[{"href":"https:\/\/zonaroja.com.mx\/index.php?rest_route=\/wp\/v2\/posts"}],"about":[{"href":"https:\/\/zonaroja.com.mx\/index.php?rest_route=\/wp\/v2\/types\/post"}],"author":[{"embeddable":true,"href":"https:\/\/zonaroja.com.mx\/index.php?rest_route=\/wp\/v2\/users\/2"}],"replies":[{"embeddable":true,"href":"https:\/\/zonaroja.com.mx\/index.php?rest_route=%2Fwp%2Fv2%2Fcomments&post=42132"}],"version-history":[{"count":1,"href":"https:\/\/zonaroja.com.mx\/index.php?rest_route=\/wp\/v2\/posts\/42132\/revisions"}],"predecessor-version":[{"id":42134,"href":"https:\/\/zonaroja.com.mx\/index.php?rest_route=\/wp\/v2\/posts\/42132\/revisions\/42134"}],"wp:featuredmedia":[{"embeddable":true,"href":"https:\/\/zonaroja.com.mx\/index.php?rest_route=\/wp\/v2\/media\/42133"}],"wp:attachment":[{"href":"https:\/\/zonaroja.com.mx\/index.php?rest_route=%2Fwp%2Fv2%2Fmedia&parent=42132"}],"wp:term":[{"taxonomy":"category","embeddable":true,"href":"https:\/\/zonaroja.com.mx\/index.php?rest_route=%2Fwp%2Fv2%2Fcategories&post=42132"},{"taxonomy":"post_tag","embeddable":true,"href":"https:\/\/zonaroja.com.mx\/index.php?rest_route=%2Fwp%2Fv2%2Ftags&post=42132"}],"curies":[{"name":"wp","href":"https:\/\/api.w.org\/{rel}","templated":true}]}}