{"id":42140,"date":"2022-06-08T12:56:00","date_gmt":"2022-06-08T17:56:00","guid":{"rendered":"http:\/\/www.zonaroja.com.mx\/?p=42140"},"modified":"2022-06-08T07:59:26","modified_gmt":"2022-06-08T12:59:26","slug":"opinion-la-sequia-y-el-futuro-del-agua","status":"publish","type":"post","link":"https:\/\/zonaroja.com.mx\/?p=42140","title":{"rendered":"Opini\u00f3n. La sequ\u00eda y el futuro del agua"},"content":{"rendered":"\n<p>Gibr\u00e1n Ram\u00edrez Reyes*<\/p>\n\n\n\n<p>Salvo en Nuevo Le\u00f3n, la sequ\u00eda y la escasez de agua no se ha visibilizado suficientemente, aunque se trate de una aut\u00e9ntica emergencia nacional desde 2021. Esto se debe, desde luego, a las condiciones socioecon\u00f3micas. La pol\u00edtica asigna valor a los cuerpos y a los dolores.&nbsp;<\/p>\n\n\n\n<p>Lo que en Ecatepec es un problema crudamente normalizado por varios a\u00f1os, se convierte en esc\u00e1ndalo de prensa si Monterrey comienza a vivirlo m\u00ednimamente.&nbsp;<\/p>\n\n\n\n<p>\u00bfTendremos que esperar a que las zonas ricas del pa\u00eds tengan que reutilizar el agua igual que sucede en las colonias pobres de M\u00e9xico para que la emergencia tome su justa dimensi\u00f3n?&nbsp;<\/p>\n\n\n\n<p>En no pocos municipios del pa\u00eds es normal reutilizar el agua de una forma que sigue siendo impensable para las clases privilegiadas: con la misma se ba\u00f1a, se lava la ropa, despu\u00e9s los trastes, y solo en \u00faltima instancia se desecha en las tazas de ba\u00f1o o lavando patios.&nbsp;<\/p>\n\n\n\n<p>La sequ\u00eda es peor en Baja California, Baja California Sur, Durango, Coahuila, Jalisco, Nayarit, Sonora, Sinaloa, Zacatecas y Aguascalientes. En esos estados, m\u00e1s de&nbsp;80 por ciento de los municipios experimentan sequ\u00edas de moderadas a excepcionales.&nbsp;<\/p>\n\n\n\n<p>Esta condici\u00f3n se suma a la falta de fertilizantes y profundizar\u00e1 la carest\u00eda y la crisis del campo. El problema tiene todo el potencial para generar violencia en el corto plazo.&nbsp;<\/p>\n\n\n\n<p>O ya la ha generado, pero no hemos ajustado la lupa para verlo con claridad. La semana pasada, por ejemplo, un grupo armado tom\u00f3 las instalaciones de la empresa de vinos Casa Madero para apoderarse de su red de distribuci\u00f3n de agua.&nbsp;<\/p>\n\n\n\n<p>De nuevo: lo vemos porque lo denuncia la parte dominante de la estructura social. Sin embargo, por a\u00f1os, pueblos han sido desplazados para explotar sus recursos minerales y para ocupar su agua en proyectos que devastan el ecosistema.&nbsp;<\/p>\n\n\n\n<p>Mientras miramos hacia otro lado, hay comunidades rotas a prop\u00f3sito para talar sus \u00e1rboles, saquear sus pozos y vender el agua en Ecatepec o donde haga falta.&nbsp;<\/p>\n\n\n\n<p>Como ha mostrado el diputado Daniel Sibaja, en el Estado de M\u00e9xico se huachicolea el agua en las narices de las autoridades y se vende despu\u00e9s \u201cbarata\u201d a la poblaci\u00f3n a la que se le deber\u00eda garantizar como derecho fundamental.&nbsp;<\/p>\n\n\n\n<p>El resultado es que la gente termina patrocinando y abrazando a sus verdugos, alimentando la l\u00f3gica del despojo y la extorsi\u00f3n sin apenas advertirlo. Para generar bienestar, antes que las transferencias monetarias, se necesita garantizar el acceso de las personas a elementos f\u00edsicos que son indispensables para la vida: agua potable, alimentaci\u00f3n y energ\u00eda, cuando menos.&nbsp;<\/p>\n\n\n\n<p>El problema tiene soluci\u00f3n, desde luego, pero implicar\u00eda reorganizar al pa\u00eds territorialmente, reubicar estrat\u00e9gicamente algunas industrias, con las consecuencias demogr\u00e1ficas y laborales que eso implica, requisar parcial o totalmente algunas concesiones de agua \u2014una aut\u00e9ntica reforma territorial.<\/p>\n\n\n\n<p>Dejemos de lado su condici\u00f3n de derecho humano, si eso es necesario para que partidos y gobernantes volteen a ver: el agua ser\u00e1, quiz\u00e1, el principal problema de gobernabilidad de M\u00e9xico.&nbsp;<\/p>\n\n\n\n<p>Las elecciones de este a\u00f1o terminaron. El pr\u00f3ximo ciclo electoral empieza en septiembre. \u00bfSer\u00e1 que por lo menos en junio, julio y agosto podamos hablar un poco del pa\u00eds?&nbsp;<\/p>\n\n\n\n<p>*Doctor en ciencia pol\u00edtica por la UNAM.&nbsp;<\/p>\n\n\n\n<p>@gibranrr<\/p>\n","protected":false},"excerpt":{"rendered":"<p>Gibr\u00e1n Ram\u00edrez Reyes* Salvo en Nuevo Le\u00f3n, la sequ\u00eda y la escasez de agua no&hellip;<\/p>\n","protected":false},"author":2,"featured_media":41734,"comment_status":"closed","ping_status":"open","sticky":false,"template":"","format":"standard","meta":{"_lmt_disableupdate":"","_lmt_disable":"","_jetpack_memberships_contains_paid_content":false,"footnotes":""},"categories":[456,109],"tags":[2489],"class_list":["post-42140","post","type-post","status-publish","format-standard","has-post-thumbnail","hentry","category-columna","category-minuto-a-minuto","tag-gibran-ramirez-reyes"],"jetpack_featured_media_url":"https:\/\/zonaroja.com.mx\/wp-content\/uploads\/2022\/05\/Opinion-Gibran-Ramirez-Reyes.jpg","jetpack_sharing_enabled":true,"_links":{"self":[{"href":"https:\/\/zonaroja.com.mx\/index.php?rest_route=\/wp\/v2\/posts\/42140","targetHints":{"allow":["GET"]}}],"collection":[{"href":"https:\/\/zonaroja.com.mx\/index.php?rest_route=\/wp\/v2\/posts"}],"about":[{"href":"https:\/\/zonaroja.com.mx\/index.php?rest_route=\/wp\/v2\/types\/post"}],"author":[{"embeddable":true,"href":"https:\/\/zonaroja.com.mx\/index.php?rest_route=\/wp\/v2\/users\/2"}],"replies":[{"embeddable":true,"href":"https:\/\/zonaroja.com.mx\/index.php?rest_route=%2Fwp%2Fv2%2Fcomments&post=42140"}],"version-history":[{"count":1,"href":"https:\/\/zonaroja.com.mx\/index.php?rest_route=\/wp\/v2\/posts\/42140\/revisions"}],"predecessor-version":[{"id":42141,"href":"https:\/\/zonaroja.com.mx\/index.php?rest_route=\/wp\/v2\/posts\/42140\/revisions\/42141"}],"wp:featuredmedia":[{"embeddable":true,"href":"https:\/\/zonaroja.com.mx\/index.php?rest_route=\/wp\/v2\/media\/41734"}],"wp:attachment":[{"href":"https:\/\/zonaroja.com.mx\/index.php?rest_route=%2Fwp%2Fv2%2Fmedia&parent=42140"}],"wp:term":[{"taxonomy":"category","embeddable":true,"href":"https:\/\/zonaroja.com.mx\/index.php?rest_route=%2Fwp%2Fv2%2Fcategories&post=42140"},{"taxonomy":"post_tag","embeddable":true,"href":"https:\/\/zonaroja.com.mx\/index.php?rest_route=%2Fwp%2Fv2%2Ftags&post=42140"}],"curies":[{"name":"wp","href":"https:\/\/api.w.org\/{rel}","templated":true}]}}