{"id":42142,"date":"2022-06-08T08:13:53","date_gmt":"2022-06-08T13:13:53","guid":{"rendered":"http:\/\/www.zonaroja.com.mx\/?p=42142"},"modified":"2022-06-08T08:13:54","modified_gmt":"2022-06-08T13:13:54","slug":"en-oaxaca-taquero-descuartizo-a-su-pareja-la-envolvio-y-pretendio-tirar-el-cuerpo","status":"publish","type":"post","link":"https:\/\/zonaroja.com.mx\/?p=42142","title":{"rendered":"En Oaxaca, taquero descuartiz\u00f3 a su pareja, la envolvi\u00f3 y pretendi\u00f3 tirar el cuerpo"},"content":{"rendered":"\n<p>Ismael Garc\u00eda M.\/Zona Roja.<\/p>\n\n\n\n<p>Oaxaca de Ju\u00e1rez, Oax., 8 de junio de 2022.- Le asest\u00f3 varias pu\u00f1aladas, la descuartiz\u00f3, envolvi\u00f3 el cuerpo en una cobija y pretend\u00eda deshacerse del cad\u00e1ver, cuando fue descubierto.<\/p>\n\n\n\n<p>Alrededor de las 21:00 horas de ayer, en un domicilio de la agencia de Dolores, ciudad de Oaxaca, Andr\u00e9s tuvo una fuerte discusi\u00f3n con Soledad, lo que deriv\u00f3 que el taquero tomara una de sus herramientas de trabajo y lo clavara varias veces en el cuerpo de ella.<\/p>\n\n\n\n<p>Cuando sal\u00eda para deshacerse del cuerpo, fue descubierto por sus vecinos, quienes llamaron a la polic\u00eda que en esta ocasi\u00f3n arribaron de inmediato al sitio y lograron detenerlo, para ponerlo a disposici\u00f3n de las autoridades ministeriales.<\/p>\n\n\n\n<p>Como se inform\u00f3 anoche, a la misma hora fue asesinado a balazos un individuo, en la calle Belisario Dom\u00ednguez esquina Las Rosas de la ciudad de Oaxaca.<\/p>\n\n\n\n<p>La v\u00edctima fue identificada de manera preliminar como el comerciante Mois\u00e9s, quien presuntamente se resisti\u00f3 a un asalto. En este caso no hay personas detenidas.<\/p>\n","protected":false},"excerpt":{"rendered":"<p>Ismael Garc\u00eda M.\/Zona Roja. Oaxaca de Ju\u00e1rez, Oax., 8 de junio de 2022.- Le asest\u00f3&hellip;<\/p>\n","protected":false},"author":2,"featured_media":42143,"comment_status":"closed","ping_status":"open","sticky":false,"template":"","format":"standard","meta":{"_lmt_disableupdate":"","_lmt_disable":"","_jetpack_memberships_contains_paid_content":false,"footnotes":""},"categories":[109,51],"tags":[148],"class_list":["post-42142","post","type-post","status-publish","format-standard","has-post-thumbnail","hentry","category-minuto-a-minuto","category-zona-roja","tag-oaxaca-de-juarez"],"jetpack_featured_media_url":"https:\/\/zonaroja.com.mx\/wp-content\/uploads\/2022\/06\/Asesinato-ciudad-de-Oaxaca.jpg","jetpack_sharing_enabled":true,"_links":{"self":[{"href":"https:\/\/zonaroja.com.mx\/index.php?rest_route=\/wp\/v2\/posts\/42142","targetHints":{"allow":["GET"]}}],"collection":[{"href":"https:\/\/zonaroja.com.mx\/index.php?rest_route=\/wp\/v2\/posts"}],"about":[{"href":"https:\/\/zonaroja.com.mx\/index.php?rest_route=\/wp\/v2\/types\/post"}],"author":[{"embeddable":true,"href":"https:\/\/zonaroja.com.mx\/index.php?rest_route=\/wp\/v2\/users\/2"}],"replies":[{"embeddable":true,"href":"https:\/\/zonaroja.com.mx\/index.php?rest_route=%2Fwp%2Fv2%2Fcomments&post=42142"}],"version-history":[{"count":1,"href":"https:\/\/zonaroja.com.mx\/index.php?rest_route=\/wp\/v2\/posts\/42142\/revisions"}],"predecessor-version":[{"id":42144,"href":"https:\/\/zonaroja.com.mx\/index.php?rest_route=\/wp\/v2\/posts\/42142\/revisions\/42144"}],"wp:featuredmedia":[{"embeddable":true,"href":"https:\/\/zonaroja.com.mx\/index.php?rest_route=\/wp\/v2\/media\/42143"}],"wp:attachment":[{"href":"https:\/\/zonaroja.com.mx\/index.php?rest_route=%2Fwp%2Fv2%2Fmedia&parent=42142"}],"wp:term":[{"taxonomy":"category","embeddable":true,"href":"https:\/\/zonaroja.com.mx\/index.php?rest_route=%2Fwp%2Fv2%2Fcategories&post=42142"},{"taxonomy":"post_tag","embeddable":true,"href":"https:\/\/zonaroja.com.mx\/index.php?rest_route=%2Fwp%2Fv2%2Ftags&post=42142"}],"curies":[{"name":"wp","href":"https:\/\/api.w.org\/{rel}","templated":true}]}}