{"id":42145,"date":"2022-06-08T08:50:20","date_gmt":"2022-06-08T13:50:20","guid":{"rendered":"http:\/\/www.zonaroja.com.mx\/?p=42145"},"modified":"2022-06-08T08:50:22","modified_gmt":"2022-06-08T13:50:22","slug":"tenia-130-anos-laurel-del-zocalo-que-cayo-anoche-cobijaba-conciertos-dominicales","status":"publish","type":"post","link":"https:\/\/zonaroja.com.mx\/?p=42145","title":{"rendered":"Ten\u00eda 130 a\u00f1os laurel del z\u00f3calo que cay\u00f3 anoche; cobijaba conciertos dominicales"},"content":{"rendered":"\n<p>Redacci\u00f3n\/Zona Roja.<\/p>\n\n\n\n<p>Oaxaca de Ju\u00e1rez, Oax., 8 de junio de 2022.- Al menos 130 a\u00f1os de antig\u00fcedad ten\u00eda el laurel de la India que vientos y lluvia derribaron anoche en el z\u00f3calo de la ciudad de Oaxaca.<\/p>\n\n\n\n<p>Era un ejemplar ic\u00f3nico, pues bajo su sombra se realizaba el tradicional concierto dominical de la Banda de M\u00fasica, por cerca de un siglo.<\/p>\n\n\n\n<p>Pero adem\u00e1s de este \u00e1rbol, hay otros dos m\u00e1s en situaci\u00f3n de riesgo, que podr\u00edan caer, inform\u00f3 Elsa Ortiz Rodr\u00edguez, secretaria del Medio Ambiente del ayuntamiento de Oaxaca de Ju\u00e1rez, quien precis\u00f3 que en el primer cuadro de la ciudad se tienen contabilizados 55 \u00e1rboles.<\/p>\n\n\n\n<p>Uno de los ejemplares en riesgo se encuentra en la Alameda de Le\u00f3n, casi frente a la Catedral; otro m\u00e1s frente al z\u00f3calo y el tercero, el que cay\u00f3 anoche.<\/p>\n\n\n\n<p>Expuso que en este \u00faltimo caos, ya hab\u00eda dictamen para que el ic\u00f3nico laurel fuera sustituido y derribado.<\/p>\n\n\n\n<p>La funcionaria municipal detall\u00f3 que ya se hab\u00edan colocado mamparas de aviso y se ha alertado a la poblaci\u00f3n y comerciantes, para evitar riesgos a la vida humana.<\/p>\n\n\n\n<figure class=\"wp-block-embed is-type-rich is-provider-twitter wp-block-embed-twitter\"><div class=\"wp-block-embed__wrapper\">\n<div class=\"twitter-tweet\"><blockquote class=\"twitter-tweet\" data-lang=\"es\"><p lang=\"es\" dir=\"ltr\"><a href=\"https:\/\/twitter.com\/hashtag\/%C3%9AltimoMinuto?src=hash&amp;ref_src=twsrc%5Etfw\">#\u00daltimoMinuto<\/a> <br>Este fue el momento precioso que cay\u00f3 el enorme y a\u00f1oso laurel de la India en el z\u00f3calo de la ciudad de <a href=\"https:\/\/twitter.com\/hashtag\/Oaxaca?src=hash&amp;ref_src=twsrc%5Etfw\">#Oaxaca<\/a>, debido a intensas lluvias y vientos. <br>Video: Cortes\u00eda. <a href=\"https:\/\/t.co\/SQWbqBGYAd\">pic.twitter.com\/SQWbqBGYAd<\/a><\/p>&mdash; Zona Roja Oaxaca (@ZonaRoja_Oaxaca) <a href=\"https:\/\/twitter.com\/ZonaRoja_Oaxaca\/status\/1534347144664162305?ref_src=twsrc%5Etfw\">8 de junio de 2022<\/a><\/blockquote><\/div>\n<\/div><\/figure>\n\n\n\n<p>OTROS DA\u00d1OS<\/p>\n\n\n\n<p>Por su parte, la Coordinaci\u00f3n Estatal de Protecci\u00f3n Civil de Oaxaca (CEPCO), inform\u00f3 que adem\u00e1s del laurel del z\u00f3calo, cayeron otros \u00e1rboles, como en el DIF estatal, ubicado en Venustiano Carranza esquina Prolongaci\u00f3n de Arteaga de la agencia de Cinco Se\u00f1ores, y en el estacionamiento del centro comercial Plaza Bella, en el municipio de Santa Mar\u00eda Atzompa.<\/p>\n\n\n\n<p>Otros \u00e1rboles ca\u00eddos se reportaron sobre la calle H\u00fazares esquina Perif\u00e9rico; sobre la calle Dalias, atr\u00e1s del centro comercial Soriana; sobre la calle Encinal esquina con calle Popocat\u00e9petl colonia Manuel Sabino Crespo; en la agencia Santa Rosa, a un costado de la terminal de choferes del sur; as\u00ed como en la avenida Escuela Naval Militar entre Privada de Pinos y Emiliano Zapata de la colonia Reforma.<\/p>\n\n\n\n<p>En el centro de la ciudad los encharcamientos se registraron sobre las calles 20 de Noviembre y Nu\u00f1o del Mercado, as\u00ed como sobre la Calle Oriente 5, esquina San Luis Potos\u00ed, colonia V\u00edctor Bravo Ah\u00faja; en la Central de Abasto y sobre la curva del mirador en el Cerro del Fort\u00edn.<\/p>\n\n\n\n<p>Tambi\u00e9n hubo afectaciones por filtraci\u00f3n de agua en las instalaciones del Hospital \u201cPresidente Benito Ju\u00e1rez\u201d del ISSSTE, as\u00ed como la colonia R\u00edo Blanco, por acumulaci\u00f3n de agua, la cual con el paso de los minutos descendi\u00f3.<\/p>\n\n\n\n<p>M\u00e1s afectaciones tuvieron lugar sobre R\u00edo Quiotepec esquina Jorullo, de la colonia Volcanes; as\u00ed como en la colonia Reforma, sobre avenida Escuela Naval Militar, calle Azucenas, \u00c1lamos, Las Rosas, Infonavit Primero de Mayo; calle Venezuela de la colonia Am\u00e9rica Norte; y calle Arco\u00edris, esquina Diamante de la colonia Lomas del Crest\u00f3n; calle Pinotepa entre Ca\u00f1ada y Loma Bonita 7 Regiones; en Divisi\u00f3n Oriente de la Colonia Ex Marquesado; calle \u00c1lamos de la colonia Las Flores en Santa Luc\u00eda del Camino, entre otras.<\/p>\n\n\n\n<p>Asimismo, en la capital del estado se report\u00f3 la ca\u00edda de dos luminarias, una en la calle de Emiliano Carranza de la colonia Reforma, y otra sobre Riveras del R\u00edo Atoyac, en la colonia Arboledas.<\/p>\n\n\n\n<p>En el Municipio de Santa Luc\u00eda del Camino se report\u00f3 un veh\u00edculo afectado por ca\u00edda de \u00e1rbol sobre avenida Ferrocarril esquina Calicanto, afectando el suministro de energ\u00eda el\u00e9ctrica, del cual tuvo conocimiento la Comisi\u00f3n Federal de Electricidad.<\/p>\n","protected":false},"excerpt":{"rendered":"<p>Redacci\u00f3n\/Zona Roja. Oaxaca de Ju\u00e1rez, Oax., 8 de junio de 2022.- Al menos 130 a\u00f1os&hellip;<\/p>\n","protected":false},"author":2,"featured_media":42146,"comment_status":"closed","ping_status":"open","sticky":false,"template":"","format":"standard","meta":{"_lmt_disableupdate":"","_lmt_disable":"","_jetpack_memberships_contains_paid_content":false,"footnotes":""},"categories":[109,47],"tags":[148],"class_list":["post-42145","post","type-post","status-publish","format-standard","has-post-thumbnail","hentry","category-minuto-a-minuto","category-zona-gris","tag-oaxaca-de-juarez"],"jetpack_featured_media_url":"https:\/\/zonaroja.com.mx\/wp-content\/uploads\/2022\/06\/Laurel-caido-zocalo.jpg","jetpack_sharing_enabled":true,"_links":{"self":[{"href":"https:\/\/zonaroja.com.mx\/index.php?rest_route=\/wp\/v2\/posts\/42145","targetHints":{"allow":["GET"]}}],"collection":[{"href":"https:\/\/zonaroja.com.mx\/index.php?rest_route=\/wp\/v2\/posts"}],"about":[{"href":"https:\/\/zonaroja.com.mx\/index.php?rest_route=\/wp\/v2\/types\/post"}],"author":[{"embeddable":true,"href":"https:\/\/zonaroja.com.mx\/index.php?rest_route=\/wp\/v2\/users\/2"}],"replies":[{"embeddable":true,"href":"https:\/\/zonaroja.com.mx\/index.php?rest_route=%2Fwp%2Fv2%2Fcomments&post=42145"}],"version-history":[{"count":1,"href":"https:\/\/zonaroja.com.mx\/index.php?rest_route=\/wp\/v2\/posts\/42145\/revisions"}],"predecessor-version":[{"id":42147,"href":"https:\/\/zonaroja.com.mx\/index.php?rest_route=\/wp\/v2\/posts\/42145\/revisions\/42147"}],"wp:featuredmedia":[{"embeddable":true,"href":"https:\/\/zonaroja.com.mx\/index.php?rest_route=\/wp\/v2\/media\/42146"}],"wp:attachment":[{"href":"https:\/\/zonaroja.com.mx\/index.php?rest_route=%2Fwp%2Fv2%2Fmedia&parent=42145"}],"wp:term":[{"taxonomy":"category","embeddable":true,"href":"https:\/\/zonaroja.com.mx\/index.php?rest_route=%2Fwp%2Fv2%2Fcategories&post=42145"},{"taxonomy":"post_tag","embeddable":true,"href":"https:\/\/zonaroja.com.mx\/index.php?rest_route=%2Fwp%2Fv2%2Ftags&post=42145"}],"curies":[{"name":"wp","href":"https:\/\/api.w.org\/{rel}","templated":true}]}}