{"id":4216,"date":"2019-09-23T12:48:38","date_gmt":"2019-09-23T17:48:38","guid":{"rendered":"https:\/\/www.zonaroja.com.mx\/?p=4216"},"modified":"2019-09-23T12:48:39","modified_gmt":"2019-09-23T17:48:39","slug":"siguen-las-protestas-contra-el-iocifed-por-nula-reconstruccion","status":"publish","type":"post","link":"https:\/\/zonaroja.com.mx\/?p=4216","title":{"rendered":"Siguen las protestas contra el Iocifed por nula reconstrucci\u00f3n"},"content":{"rendered":"\n<p class=\"p1\">Redacci\u00f3n\/Zona Roja.<\/p>\n\n\n\n<p class=\"p1\">Oaxaca de Ju\u00e1rez, Oax., 23 de septiembre de 2019.- Docentes, madres y padres de familia del jard\u00edn de ni\u00f1os \u201cLa luz del saber\u201d ubicado en la agencia municipal de San Juan Chapultepec de la capital, bloquearon por unas horas vialidades en las inmediaciones de la fuente de las Ocho Regiones, en protesta por la falta de cumplimiento en los trabajos de rehabilitaci\u00f3n en el centro educativo.<\/p>\n\n\n\n<p class=\"p1\">As\u00ed lo dio a conocer la directora del plantel, Ira\u00eds Monserrat Mart\u00ednez S\u00e1nchez, quien detall\u00f3 que el bloqueo fue por la falta de seriedad por parte del Instituto Oaxaque\u00f1o Constructor de Infraestructura F\u00edsica Educativa (Iocifed), ya que a dos a\u00f1os de los da\u00f1os en el plantel la obra sigue inconclusa. <\/p>\n\n\n\n<p class=\"p1\">Cuestion\u00f3 que en el cat\u00e1logo del Fondo de Desastres Naturales (Fonden), la obra de la escuela se reporta como concluida, situaci\u00f3n que se\u00f1alaron no s\u00f3lo habla de una irresponsabilidad, sino tambi\u00e9n de presuntos actos de corrupci\u00f3n, ya que los trabajos siguen sin concluirse.<\/p>\n\n\n\n<p class=\"p1\">\u201cNo es la primera vez que venimos a manifestarnos y ahora no pensamos movernos de aqu\u00ed hasta que exista respuesta inmediata por parte de las autoridades del Iocifed\u201d, dijo.<\/p>\n\n\n\n<p class=\"p1\">En este sentido tambi\u00e9n critic\u00f3 que pese a tratarse de una escuela ubicada en la capital del estado, los trabajos no se hayan podido concluir en dos a\u00f1os, debido a la falta de compromiso por parte de las autoridades que en ocasiones anteriores han firmado minutas para disuadir las protestas pero no les han dado seguimiento. <\/p>\n\n\n\n<p class=\"p1\">Detall\u00f3 que son 65 estudiantes que se encuentran en la incertidumbre desde hace 24 meses, para quienes lo \u00fanico que buscan es un espacio digno en el que puedan realizar sus actividades en tiempo y forma c\u00f3mo lo establecen los planes educativos.<\/p>\n\n\n\n<p class=\"p1\">\u201cC\u00f3mo es posible qu\u00e9 haya recurso para otras cosas en Oaxaca, pero no para cubrir necesidades b\u00e1sicas como la educaci\u00f3n\u201d, cuestion\u00f3 la directora del plantel a la par que asegur\u00f3 mantendr\u00e1n su protesta el tiempo que sea necesario. Tras al menos tres horas, retiraron el bloqueo con el en\u00e9simo compromiso de que ser\u00eda atendida su demanda. <\/p>\n\n\n\n<p><\/p>\n","protected":false},"excerpt":{"rendered":"<p>Redacci\u00f3n\/Zona Roja. Oaxaca de Ju\u00e1rez, Oax., 23 de septiembre de 2019.- Docentes, madres y padres&hellip;<\/p>\n","protected":false},"author":2,"featured_media":4215,"comment_status":"closed","ping_status":"open","sticky":false,"template":"","format":"standard","meta":{"_lmt_disableupdate":"","_lmt_disable":"","_jetpack_memberships_contains_paid_content":false,"footnotes":""},"categories":[1],"tags":[],"class_list":["post-4216","post","type-post","status-publish","format-standard","has-post-thumbnail","hentry","category-sin-categoria"],"jetpack_featured_media_url":"https:\/\/zonaroja.com.mx\/wp-content\/uploads\/2019\/09\/e380a3dd-72ac-4447-8afc-d82a21fbd26f.jpg","jetpack_sharing_enabled":true,"_links":{"self":[{"href":"https:\/\/zonaroja.com.mx\/index.php?rest_route=\/wp\/v2\/posts\/4216","targetHints":{"allow":["GET"]}}],"collection":[{"href":"https:\/\/zonaroja.com.mx\/index.php?rest_route=\/wp\/v2\/posts"}],"about":[{"href":"https:\/\/zonaroja.com.mx\/index.php?rest_route=\/wp\/v2\/types\/post"}],"author":[{"embeddable":true,"href":"https:\/\/zonaroja.com.mx\/index.php?rest_route=\/wp\/v2\/users\/2"}],"replies":[{"embeddable":true,"href":"https:\/\/zonaroja.com.mx\/index.php?rest_route=%2Fwp%2Fv2%2Fcomments&post=4216"}],"version-history":[{"count":1,"href":"https:\/\/zonaroja.com.mx\/index.php?rest_route=\/wp\/v2\/posts\/4216\/revisions"}],"predecessor-version":[{"id":4217,"href":"https:\/\/zonaroja.com.mx\/index.php?rest_route=\/wp\/v2\/posts\/4216\/revisions\/4217"}],"wp:featuredmedia":[{"embeddable":true,"href":"https:\/\/zonaroja.com.mx\/index.php?rest_route=\/wp\/v2\/media\/4215"}],"wp:attachment":[{"href":"https:\/\/zonaroja.com.mx\/index.php?rest_route=%2Fwp%2Fv2%2Fmedia&parent=4216"}],"wp:term":[{"taxonomy":"category","embeddable":true,"href":"https:\/\/zonaroja.com.mx\/index.php?rest_route=%2Fwp%2Fv2%2Fcategories&post=4216"},{"taxonomy":"post_tag","embeddable":true,"href":"https:\/\/zonaroja.com.mx\/index.php?rest_route=%2Fwp%2Fv2%2Ftags&post=4216"}],"curies":[{"name":"wp","href":"https:\/\/api.w.org\/{rel}","templated":true}]}}