{"id":42162,"date":"2022-06-08T22:06:16","date_gmt":"2022-06-09T03:06:16","guid":{"rendered":"http:\/\/www.zonaroja.com.mx\/?p=42162"},"modified":"2022-06-08T22:06:18","modified_gmt":"2022-06-09T03:06:18","slug":"asegura-gobierno-que-revierte-tendencia-de-crecimiento-de-la-deuda-publica","status":"publish","type":"post","link":"https:\/\/zonaroja.com.mx\/?p=42162","title":{"rendered":"Asegura gobierno que revierte tendencia de crecimiento de la deuda p\u00fablica"},"content":{"rendered":"\n<p>Redacci\u00f3n\/Zona Roja.<\/p>\n\n\n\n<p>Oaxaca de Ju\u00e1rez, Oax., a 8 de junio de 2022.- El Instituto Mexicano para la Competitividad efectu\u00f3 un estudio sobre las finanzas p\u00fablicas de los estados cuyas administraciones empezaron su mandato en el 2016 y que est\u00e1n por finalizar en este 2022, en el cual Oaxaca destaca como la segunda entidad con mayor disminuci\u00f3n de la deuda p\u00fablica como porcentaje del PIB estatal.<\/p>\n\n\n\n<p>Mediante una pol\u00edtica de disciplina financiera y de las estrategias para incrementar la productividad de la entidad con mayor infraestructura, conectividad y educaci\u00f3n, el estudio muestra que Oaxaca logr\u00f3 disminuir esta proporci\u00f3n del 4.1% en el 2016 a 3.5% en el 2018.<\/p>\n\n\n\n<p>De igual forma, aunado al esfuerzo de mejorar la recaudaci\u00f3n, la Deuda P\u00fablica y Obligaciones del Estado respecto a los Ingresos de Libre Disposici\u00f3n (ILD\u00b4s) tienen una tendencia decreciente a lo largo de la actual administraci\u00f3n, pasando de 89% en 2016 a 68% al cierre de 2021.<\/p>\n\n\n\n<p>Asimismo, la Secretar\u00eda de Finanzas del Gobierno del Estado ha se\u00f1alado que el ordenamiento y el manejo responsable de las finanzas p\u00fablicas estatales permitir\u00e1 que se concluya la actual administraci\u00f3n con una deuda p\u00fablica entre 1.2% y 2.5% menor, en t\u00e9rminos reales, a la que se recibi\u00f3 en 2016, con lo que te pone fin a una tendencia de incremento del endeudamiento p\u00fablico registrada por m\u00e1s de una d\u00e9cada.<\/p>\n","protected":false},"excerpt":{"rendered":"<p>Redacci\u00f3n\/Zona Roja. Oaxaca de Ju\u00e1rez, Oax., a 8 de junio de 2022.- El Instituto Mexicano&hellip;<\/p>\n","protected":false},"author":2,"featured_media":29422,"comment_status":"closed","ping_status":"open","sticky":false,"template":"","format":"standard","meta":{"_lmt_disableupdate":"","_lmt_disable":"","_jetpack_memberships_contains_paid_content":false,"footnotes":""},"categories":[109,46],"tags":[173],"class_list":["post-42162","post","type-post","status-publish","format-standard","has-post-thumbnail","hentry","category-minuto-a-minuto","category-zona-blanca","tag-alejandro-murat-hinojosa"],"jetpack_featured_media_url":"https:\/\/zonaroja.com.mx\/wp-content\/uploads\/2021\/07\/Ciudad-Judicial-gobierno-de-Oaxaca.jpeg","jetpack_sharing_enabled":true,"_links":{"self":[{"href":"https:\/\/zonaroja.com.mx\/index.php?rest_route=\/wp\/v2\/posts\/42162","targetHints":{"allow":["GET"]}}],"collection":[{"href":"https:\/\/zonaroja.com.mx\/index.php?rest_route=\/wp\/v2\/posts"}],"about":[{"href":"https:\/\/zonaroja.com.mx\/index.php?rest_route=\/wp\/v2\/types\/post"}],"author":[{"embeddable":true,"href":"https:\/\/zonaroja.com.mx\/index.php?rest_route=\/wp\/v2\/users\/2"}],"replies":[{"embeddable":true,"href":"https:\/\/zonaroja.com.mx\/index.php?rest_route=%2Fwp%2Fv2%2Fcomments&post=42162"}],"version-history":[{"count":1,"href":"https:\/\/zonaroja.com.mx\/index.php?rest_route=\/wp\/v2\/posts\/42162\/revisions"}],"predecessor-version":[{"id":42163,"href":"https:\/\/zonaroja.com.mx\/index.php?rest_route=\/wp\/v2\/posts\/42162\/revisions\/42163"}],"wp:featuredmedia":[{"embeddable":true,"href":"https:\/\/zonaroja.com.mx\/index.php?rest_route=\/wp\/v2\/media\/29422"}],"wp:attachment":[{"href":"https:\/\/zonaroja.com.mx\/index.php?rest_route=%2Fwp%2Fv2%2Fmedia&parent=42162"}],"wp:term":[{"taxonomy":"category","embeddable":true,"href":"https:\/\/zonaroja.com.mx\/index.php?rest_route=%2Fwp%2Fv2%2Fcategories&post=42162"},{"taxonomy":"post_tag","embeddable":true,"href":"https:\/\/zonaroja.com.mx\/index.php?rest_route=%2Fwp%2Fv2%2Ftags&post=42162"}],"curies":[{"name":"wp","href":"https:\/\/api.w.org\/{rel}","templated":true}]}}