{"id":42164,"date":"2022-06-09T07:30:00","date_gmt":"2022-06-09T12:30:00","guid":{"rendered":"http:\/\/www.zonaroja.com.mx\/?p=42164"},"modified":"2022-06-08T22:12:44","modified_gmt":"2022-06-09T03:12:44","slug":"proteger-derechos-de-la-ninez-prioridad-para-el-poder-judicial-de-oaxaca","status":"publish","type":"post","link":"https:\/\/zonaroja.com.mx\/?p=42164","title":{"rendered":"Proteger derechos de la ni\u00f1ez, prioridad para el Poder Judicial de Oaxaca"},"content":{"rendered":"\n<p>Redacci\u00f3n\/Zona Roja.<\/p>\n\n\n\n<p>Oaxaca de Ju\u00e1rez, Oax., a 9 de junio de 2022.- Para juzgar con perspectiva de g\u00e9nero, es necesario combinar la aplicaci\u00f3n de los est\u00e1ndares m\u00e1s altos de protecci\u00f3n de los&nbsp;derechos de las personas,&nbsp;como el Inter\u00e9s Superior de la Ni\u00f1ez,&nbsp;el ordenamiento constitucional, los tratados internacionales, las leyes vigentes y la jurisprudencia derivada de los tribunales&nbsp;nacionales y cortes internacionales; todo ello con el fin de respetar la dignidad humana y hacer efectivos los derechos&nbsp;de todas y todos.&nbsp;<\/p>\n\n\n\n<p>Al se\u00f1alar lo anterior, la jueza Primero Civil de Tlacolula, Liliana Noyola Canseco, destac\u00f3 que los derechos de ni\u00f1as, ni\u00f1os y adolescentes son una prioridad para el Poder Judicial del Estado, principalmente cuando su integridad y bienestar se involucran en un proceso judicial.&nbsp;<\/p>\n\n\n\n<p>\u201cEl&nbsp;Inter\u00e9s&nbsp;Superior de&nbsp;la Ni\u00f1ez&nbsp;no est\u00e1 proyectado en su deseo o forma de sentir, precisamente al juzgador es a quien le corresponde valorar todo el material probatorio que se llev\u00f3 en el juicio para determinar cu\u00e1l es el ambiente m\u00e1s favorable para el desarrollo integral de ni\u00f1as, ni\u00f1os y adolescentes.&nbsp;Al juzgar con perspectiva de g\u00e9nero y quitarnos esas etiquetas de los estereotipos estamos juzgando a favor de&nbsp;los sectores vulnerables\u201d, enfatiz\u00f3.&nbsp;s<\/p>\n\n\n\n<p>En entrevista,&nbsp;la jueza&nbsp;indic\u00f3 que&nbsp;el derecho que&nbsp;tienen los menores de edad&nbsp;a emitir su opini\u00f3n o forma de pensar en los asuntos donde se vea afectada su esfera jur\u00eddica, se encuentra reconocido en el art\u00edculo 12 de la&nbsp;Convenci\u00f3n sobre derechos de ni\u00f1as, ni\u00f1os y adolescentes, y al ser precisamente un derecho es importante la voluntad de ellos de querer participar o no, es decir de que sean escuchados y tomados en cuenta para la soluci\u00f3n del asunto&nbsp;en que se encuentran&nbsp;implicados.<\/p>\n\n\n\n<p>Asimismo, destac\u00f3 la importancia de tomar en cuenta&nbsp;su&nbsp;estado de madurez&nbsp;con el fin de&nbsp;que&nbsp;puedan&nbsp;expresar su opini\u00f3n, atendiendo al principio de autonom\u00eda progresiva y su debido desarrollo, ya que&nbsp;las autoridades son responsables de supervisar&nbsp;que se protejan en todo momento sus derechos,&nbsp;integridad y estabilidad emocional.<\/p>\n\n\n\n<p>Como lo ha establecido el magistrado presidente Eduardo Pinacho S\u00e1nchez, el Poder Judicial del Estado est\u00e1 comprometido en garantizar una administraci\u00f3n de justicia&nbsp;en condiciones de igualdad y sin&nbsp;discriminaci\u00f3n o&nbsp;diferencias&nbsp;de trato.<\/p>\n","protected":false},"excerpt":{"rendered":"<p>Redacci\u00f3n\/Zona Roja. Oaxaca de Ju\u00e1rez, Oax., a 9 de junio de 2022.- Para juzgar con&hellip;<\/p>\n","protected":false},"author":2,"featured_media":42165,"comment_status":"closed","ping_status":"open","sticky":false,"template":"","format":"standard","meta":{"_lmt_disableupdate":"","_lmt_disable":"","_jetpack_memberships_contains_paid_content":false,"footnotes":""},"categories":[109,46],"tags":[223],"class_list":["post-42164","post","type-post","status-publish","format-standard","has-post-thumbnail","hentry","category-minuto-a-minuto","category-zona-blanca","tag-poder-judicial-de-oaxaca"],"jetpack_featured_media_url":"https:\/\/zonaroja.com.mx\/wp-content\/uploads\/2022\/06\/Jueza-Liliana-Noyola-Poder-Judicial.jpg","jetpack_sharing_enabled":true,"_links":{"self":[{"href":"https:\/\/zonaroja.com.mx\/index.php?rest_route=\/wp\/v2\/posts\/42164","targetHints":{"allow":["GET"]}}],"collection":[{"href":"https:\/\/zonaroja.com.mx\/index.php?rest_route=\/wp\/v2\/posts"}],"about":[{"href":"https:\/\/zonaroja.com.mx\/index.php?rest_route=\/wp\/v2\/types\/post"}],"author":[{"embeddable":true,"href":"https:\/\/zonaroja.com.mx\/index.php?rest_route=\/wp\/v2\/users\/2"}],"replies":[{"embeddable":true,"href":"https:\/\/zonaroja.com.mx\/index.php?rest_route=%2Fwp%2Fv2%2Fcomments&post=42164"}],"version-history":[{"count":1,"href":"https:\/\/zonaroja.com.mx\/index.php?rest_route=\/wp\/v2\/posts\/42164\/revisions"}],"predecessor-version":[{"id":42166,"href":"https:\/\/zonaroja.com.mx\/index.php?rest_route=\/wp\/v2\/posts\/42164\/revisions\/42166"}],"wp:featuredmedia":[{"embeddable":true,"href":"https:\/\/zonaroja.com.mx\/index.php?rest_route=\/wp\/v2\/media\/42165"}],"wp:attachment":[{"href":"https:\/\/zonaroja.com.mx\/index.php?rest_route=%2Fwp%2Fv2%2Fmedia&parent=42164"}],"wp:term":[{"taxonomy":"category","embeddable":true,"href":"https:\/\/zonaroja.com.mx\/index.php?rest_route=%2Fwp%2Fv2%2Fcategories&post=42164"},{"taxonomy":"post_tag","embeddable":true,"href":"https:\/\/zonaroja.com.mx\/index.php?rest_route=%2Fwp%2Fv2%2Ftags&post=42164"}],"curies":[{"name":"wp","href":"https:\/\/api.w.org\/{rel}","templated":true}]}}