{"id":42170,"date":"2022-06-09T07:03:58","date_gmt":"2022-06-09T12:03:58","guid":{"rendered":"http:\/\/www.zonaroja.com.mx\/?p=42170"},"modified":"2022-06-09T07:04:00","modified_gmt":"2022-06-09T12:04:00","slug":"condenan-a-16-anos-de-carcel-a-lider-religioso-de-la-luz-del-mundo-por-abuso-sexual","status":"publish","type":"post","link":"https:\/\/zonaroja.com.mx\/?p=42170","title":{"rendered":"Condenan a 16 a\u00f1os de c\u00e1rcel a l\u00edder religioso de La Luz del Mundo por abuso sexual"},"content":{"rendered":"\n<p>Redacci\u00f3n\/Zona Roja Cdmx.<\/p>\n\n\n\n<p>Ciudad de M\u00e9xico, 9 de junio de 2022.- A m\u00e1s de 16 a\u00f1os de prisi\u00f3n fue condenado el l\u00edder mundial de la iglesia La Luz del Mundo, Naas\u00f3n Joaqu\u00edn Garc\u00eda, al declararse culpable de abuso sexual.<\/p>\n\n\n\n<p>El individuo originario de M\u00e9xico, fue acusado por dos cargos de sexo oral forzado incluyendo a ni\u00f1os y otro acto sexual a un menor de 15 a\u00f1os, pero hay decenas de denuncias en su contra.<\/p>\n\n\n\n<p>La iglesia La Luz&nbsp;del&nbsp;Mundo&nbsp;fue fundada en 1926 en Guadalajara, Jalisco, donde tiene su sede principal, por el padre de Garc\u00eda, Eusebio Joaqu\u00edn Gonz\u00e1lez, quien aseguraba haber tenido en sue\u00f1os una \u00abrevelaci\u00f3n divina\u00bb.<\/p>\n\n\n\n<p>De acuerdo con el diario \u201cExc\u00e9lsior\u201d, Naas\u00f3n Joaqu\u00edn enfrentar\u00eda m\u00e1s de 20 cargos, incluyendo violaci\u00f3n, extorsi\u00f3n y posesi\u00f3n de pornograf\u00eda infantil, entre otros cr\u00edmenes perpetrados en California, Estados Unidos.<\/p>\n\n\n\n<p>El religioso fue arrestado en el aeropuerto de Los \u00c1ngeles el 3 de junio de 2019, y desde entonces se encuentra detenido.<\/p>\n\n\n\n<p>Pero adem\u00e1s, seg\u00fan se ha revelado durante las indagatorias, el l\u00edder de dicha iglesia ten\u00eda dos c\u00f3mplices, Susana Medina Oaxaca y Alondra Ocampo, quienes tambi\u00e9n fueron arrestadas en Estados Unidos y se\u00f1aladas por ser encargadas de contactar a menores para actos sexuales.<\/p>\n\n\n\n<p>Oaxaca tambi\u00e9n se declar\u00f3 culpable y fue condenada por agresi\u00f3n. Una tercera mujer est\u00e1 fugitiva.<\/p>\n\n\n\n<p>El representante de la iglesia La Luz del Mundo fue condenado a 16 a\u00f1os y 8 meses en una c\u00e1rcel estadunidense por el delito de abuso infantil.<\/p>\n\n\n\n<p>Naas\u00f3n admiti\u00f3 dos cargos de sexo oral forzado incluyendo a menores y otro de acto lascivo con un menor de 15 a\u00f1os.&nbsp;<\/p>\n\n\n\n<p>La congregaci\u00f3n surgi\u00f3 como una rama de la Iglesia Apost\u00f3lica de la Fe en Cristo Jes\u00fas, derivaci\u00f3n de la Iglesia Pentecostal, y sus fieles, a quienes se les denomina \u00abaaronitas\u00bb, requieren permiso de los l\u00edderes dirigentes para viajar, estudiar, trabajar o casarse.<\/p>\n\n\n\n<p>En marzo de 2020, las autoridades mexicanas congelaron casi 20 millones de d\u00f3lares en cuentas de seis personas ligadas a la iglesia La&nbsp;Luz&nbsp;del&nbsp;Mundo.<\/p>\n\n\n\n<p>(Informaci\u00f3n de \u201cExc\u00e9lsior\u201d)<\/p>\n","protected":false},"excerpt":{"rendered":"<p>Redacci\u00f3n\/Zona Roja Cdmx. Ciudad de M\u00e9xico, 9 de junio de 2022.- A m\u00e1s de 16&hellip;<\/p>\n","protected":false},"author":2,"featured_media":42171,"comment_status":"closed","ping_status":"open","sticky":false,"template":"","format":"standard","meta":{"_lmt_disableupdate":"","_lmt_disable":"","_jetpack_memberships_contains_paid_content":false,"footnotes":""},"categories":[109,47],"tags":[1371],"class_list":["post-42170","post","type-post","status-publish","format-standard","has-post-thumbnail","hentry","category-minuto-a-minuto","category-zona-gris","tag-naason-joaquin-garcia"],"jetpack_featured_media_url":"https:\/\/zonaroja.com.mx\/wp-content\/uploads\/2022\/06\/Naason-Joaquin-Garcia.jpeg","jetpack_sharing_enabled":true,"_links":{"self":[{"href":"https:\/\/zonaroja.com.mx\/index.php?rest_route=\/wp\/v2\/posts\/42170","targetHints":{"allow":["GET"]}}],"collection":[{"href":"https:\/\/zonaroja.com.mx\/index.php?rest_route=\/wp\/v2\/posts"}],"about":[{"href":"https:\/\/zonaroja.com.mx\/index.php?rest_route=\/wp\/v2\/types\/post"}],"author":[{"embeddable":true,"href":"https:\/\/zonaroja.com.mx\/index.php?rest_route=\/wp\/v2\/users\/2"}],"replies":[{"embeddable":true,"href":"https:\/\/zonaroja.com.mx\/index.php?rest_route=%2Fwp%2Fv2%2Fcomments&post=42170"}],"version-history":[{"count":1,"href":"https:\/\/zonaroja.com.mx\/index.php?rest_route=\/wp\/v2\/posts\/42170\/revisions"}],"predecessor-version":[{"id":42172,"href":"https:\/\/zonaroja.com.mx\/index.php?rest_route=\/wp\/v2\/posts\/42170\/revisions\/42172"}],"wp:featuredmedia":[{"embeddable":true,"href":"https:\/\/zonaroja.com.mx\/index.php?rest_route=\/wp\/v2\/media\/42171"}],"wp:attachment":[{"href":"https:\/\/zonaroja.com.mx\/index.php?rest_route=%2Fwp%2Fv2%2Fmedia&parent=42170"}],"wp:term":[{"taxonomy":"category","embeddable":true,"href":"https:\/\/zonaroja.com.mx\/index.php?rest_route=%2Fwp%2Fv2%2Fcategories&post=42170"},{"taxonomy":"post_tag","embeddable":true,"href":"https:\/\/zonaroja.com.mx\/index.php?rest_route=%2Fwp%2Fv2%2Ftags&post=42170"}],"curies":[{"name":"wp","href":"https:\/\/api.w.org\/{rel}","templated":true}]}}