{"id":42173,"date":"2022-06-09T07:26:33","date_gmt":"2022-06-09T12:26:33","guid":{"rendered":"http:\/\/www.zonaroja.com.mx\/?p=42173"},"modified":"2022-06-09T07:29:02","modified_gmt":"2022-06-09T12:29:02","slug":"ejecutan-a-dos-personas-en-comunidad-de-la-costa-de-oaxaca","status":"publish","type":"post","link":"https:\/\/zonaroja.com.mx\/?p=42173","title":{"rendered":"Ejecutan a dos personas en comunidad de la Costa de Oaxaca"},"content":{"rendered":"\n<p>Redacci\u00f3n\/Zona Roja.<\/p>\n\n\n\n<p>Oaxaca de Ju\u00e1rez, Oax., 9 de junio de 2022.- Dos personas del sexo masculino fueron ejecutadas anoche en la localidad de Santa Elena El Tule, perteneciente al municipio de Santa Maria Tonameca, en la regi\u00f3n Costa de Oaxaca.<\/p>\n\n\n\n<p>Los cuerpos fueron localizados aproximadamente a las 22:00 horas en el interior de una camioneta marca Nissan, tipo Xterra, con placas de circulaci\u00f3n HDS-157D del estado de Guerrero.<\/p>\n\n\n\n<p>Las v\u00edctimas fueron identificadas de manera preliminar como Nelson Omar R. L., de 28 a\u00f1os de edad y originario de El Puertecita Colotepec, as\u00ed como Rom\u00e1n G. J., con 27 a\u00f1os, de La Erradura Huatulco;  los cuerpos presentan m\u00faltiples impactos de arma de fuego.\u00a0<\/p>\n\n\n\n<p>Personal de la Vicefiscal\u00eda Regional de la Costa arrib\u00f3 al sitio para iniciar las indagatorias correspondientes.<\/p>\n","protected":false},"excerpt":{"rendered":"<p>Redacci\u00f3n\/Zona Roja. Oaxaca de Ju\u00e1rez, Oax., 9 de junio de 2022.- Dos personas del sexo&hellip;<\/p>\n","protected":false},"author":2,"featured_media":42174,"comment_status":"closed","ping_status":"open","sticky":false,"template":"","format":"standard","meta":{"_lmt_disableupdate":"","_lmt_disable":"","_jetpack_memberships_contains_paid_content":false,"footnotes":""},"categories":[109,51],"tags":[645],"class_list":["post-42173","post","type-post","status-publish","format-standard","has-post-thumbnail","hentry","category-minuto-a-minuto","category-zona-roja","tag-santa-maria-tonameca"],"jetpack_featured_media_url":"https:\/\/zonaroja.com.mx\/wp-content\/uploads\/2022\/06\/Ejecutados-Santa-Maria-Tonameca.jpg","jetpack_sharing_enabled":true,"_links":{"self":[{"href":"https:\/\/zonaroja.com.mx\/index.php?rest_route=\/wp\/v2\/posts\/42173","targetHints":{"allow":["GET"]}}],"collection":[{"href":"https:\/\/zonaroja.com.mx\/index.php?rest_route=\/wp\/v2\/posts"}],"about":[{"href":"https:\/\/zonaroja.com.mx\/index.php?rest_route=\/wp\/v2\/types\/post"}],"author":[{"embeddable":true,"href":"https:\/\/zonaroja.com.mx\/index.php?rest_route=\/wp\/v2\/users\/2"}],"replies":[{"embeddable":true,"href":"https:\/\/zonaroja.com.mx\/index.php?rest_route=%2Fwp%2Fv2%2Fcomments&post=42173"}],"version-history":[{"count":2,"href":"https:\/\/zonaroja.com.mx\/index.php?rest_route=\/wp\/v2\/posts\/42173\/revisions"}],"predecessor-version":[{"id":42178,"href":"https:\/\/zonaroja.com.mx\/index.php?rest_route=\/wp\/v2\/posts\/42173\/revisions\/42178"}],"wp:featuredmedia":[{"embeddable":true,"href":"https:\/\/zonaroja.com.mx\/index.php?rest_route=\/wp\/v2\/media\/42174"}],"wp:attachment":[{"href":"https:\/\/zonaroja.com.mx\/index.php?rest_route=%2Fwp%2Fv2%2Fmedia&parent=42173"}],"wp:term":[{"taxonomy":"category","embeddable":true,"href":"https:\/\/zonaroja.com.mx\/index.php?rest_route=%2Fwp%2Fv2%2Fcategories&post=42173"},{"taxonomy":"post_tag","embeddable":true,"href":"https:\/\/zonaroja.com.mx\/index.php?rest_route=%2Fwp%2Fv2%2Ftags&post=42173"}],"curies":[{"name":"wp","href":"https:\/\/api.w.org\/{rel}","templated":true}]}}