{"id":42188,"date":"2022-06-09T12:00:00","date_gmt":"2022-06-09T17:00:00","guid":{"rendered":"http:\/\/www.zonaroja.com.mx\/?p=42188"},"modified":"2022-06-09T08:03:12","modified_gmt":"2022-06-09T13:03:12","slug":"celebran-sentencia-de-scjn-para-chimalapas-van-por-su-proteccion","status":"publish","type":"post","link":"https:\/\/zonaroja.com.mx\/?p=42188","title":{"rendered":"Celebran sentencia de SCJN para Chimalapas; van por su protecci\u00f3n"},"content":{"rendered":"\n<p>Yuridiana Sosa\/Zona Roja<\/p>\n\n\n\n<p>Oaxaca de Ju\u00e1rez, Oax., 08 de junio de 2022.- Defensores ambientalistas, activistas, pobladores y artistas que han formado parte de la lucha de la defensa de la zona de los Chimalapas en Oaxaca, celebraron la emisi\u00f3n y publicaci\u00f3n de la sentencia Suprema Corte de Justicia de la Naci\u00f3n (SCJN) a favor de Santa Mar\u00eda y San Miguel Chimalapa, tras d\u00e9cadas de lucha ante el despojo de Chiapas.<\/p>\n\n\n\n<p>El pasado 25 de marzo, la decisi\u00f3n del Pleno de la Suprema Corte de Justicia de la Naci\u00f3n (SCJN) sobre la controversia Constitucional 121\/2012, a favor de Oaxaca, qued\u00f3 publicada en el Diario Oficial de la Federaci\u00f3n.<\/p>\n\n\n\n<p>\u201cEs procedente y fundada la controversia de l\u00edmites territoriales promovida por el estado de Oaxaca y la reconvenci\u00f3n formulada por el estado de Chiapas\u201d, dicta el primero de los puntos de esta resoluci\u00f3n aprobada por unanimidad de votos y en la que se detall\u00f3 que presentaron m\u00faltiples pruebas documentales y cartogr\u00e1ficas que fueron presentadas y estudiadas.<\/p>\n\n\n\n<p>La conmemoraci\u00f3n se llev\u00f3 a cabo el pasado domingo en el D\u00eda Mundial del Medio Ambiente, en las instalaciones de Huerto Roma Verde, Centro comunitario en la Ciudad de M\u00e9xico.<\/p>\n\n\n\n<p>Defensores destacaron que esta zona de Oaxaca \u201ces un peque\u00f1o amazonas en el sureste de M\u00e9xico\u201d, el cual debe protegerse ante los megaproyectos que se desarrollan en dicha zona del pa\u00eds, mismos que definieron como \u201cproyectos de muerte\u201d.<\/p>\n\n\n\n<p>Lo que M\u00e9xico y Oaxaca necesitan, coincidieron, son microproyectos de regeneraci\u00f3n desde las comunidades, y en el caso particular de los Chimalapas, donde abunda una importante reserva de bosques y selva, se espera que su protecci\u00f3n se consolide bajo un territorio soberano.<\/p>\n\n\n\n<p>Al encuentro para esta conmemoraci\u00f3n de la victoria de un primer paso para la recuperaci\u00f3n del \u00e1rea asistieron integrantes del Comit\u00e9 Nacional para la Defensa y Conservaci\u00f3n de Los Chimalapas, consolidado hace 30 a\u00f1os.<\/p>\n\n\n\n<p>Entre los artistas activistas m\u00e1s participativos del movimiento se encuentra el escritor, poeta, novelista, Homero Aridijis, quien reconoci\u00f3 la lucha del Comit\u00e9 y como un ejemplo social de la defensa ecologista.<\/p>\n\n\n\n<p>Apunt\u00f3 que este esfuerzo del Comit\u00e9 debe ser considerado como un referente para las generaciones futuras de lo que significa la defensa del territorio.<\/p>\n\n\n\n<p>Tambi\u00e9n asistieron Luis Bustamante Valencia y Luis Miguel Robles Gil, de los defensores precursores del Comit\u00e9, quienes, a pesar de no ser originarios de la zona Chimalapa, se interesaron desde el centro del pa\u00eds en formalizar la lucha.<\/p>\n\n\n\n<p>En el encuentro tambi\u00e9n se cont\u00f3 con participaciones musicales y performance.<\/p>\n\n\n\n<p>LA RESOLUCI\u00d3N<\/p>\n\n\n\n<p>Para los efectos de esta delimitaci\u00f3n, las magistrados y magistradas decidieron que la declaratoria de l\u00edmites territoriales reconocida en esta sentencia deber\u00e1 ser instrumentada dentro de los 30 meses siguientes a la notificaci\u00f3n de estos puntos resolutivos a los Congresos de los Estados de Oaxaca y Chiapas, ambos Congresos deber\u00e1n legislar en los t\u00e9rminos que se indica en el punto primero del considerando noveno de esta resoluci\u00f3n.<\/p>\n\n\n\n<p>Adem\u00e1s, ambos estados, en conjunto con la Federaci\u00f3n deber\u00e1n establecer, dentro de los 12 meses siguientes a la notificaci\u00f3n de los puntos resolutivos de esta resoluci\u00f3n a los Congresos de esas entidades federativas, los mecanismos de coordinaci\u00f3n y programas.<\/p>\n\n\n\n<p>Durante el proceso de an\u00e1lisis de esta controversia qued\u00f3 definido que los peritos de los estados de Oaxaca y Chiapas, as\u00ed como la perita oficial, ubican al pol\u00edgono del municipio de Belisario Dom\u00ednguez en los l\u00edmites que corren entre el Cerro de la Gineta y el Cerro de los Mart\u00ednez, pero en territorio oaxaque\u00f1o.<\/p>\n\n\n\n<p>Conforme a las pruebas en geograf\u00eda y cartograf\u00eda \u201cse considera que la creaci\u00f3n del municipio de Belisario Dom\u00ednguez genera un traslape en el territorio del Estado de Oaxaca, en virtud de que su conformaci\u00f3n y delimitaci\u00f3n se proyect\u00f3 en un espacio geogr\u00e1fico que no corresponde al del diverso Estado de Chiapas, de conformidad con la l\u00ednea lim\u00edtrofe que rige entre ambos estados reconocida por esta Suprema Corte\u201d.<\/p>\n","protected":false},"excerpt":{"rendered":"<p>Yuridiana Sosa\/Zona Roja Oaxaca de Ju\u00e1rez, Oax., 08 de junio de 2022.- Defensores ambientalistas, activistas,&hellip;<\/p>\n","protected":false},"author":2,"featured_media":34063,"comment_status":"closed","ping_status":"open","sticky":false,"template":"","format":"standard","meta":{"_lmt_disableupdate":"","_lmt_disable":"","_jetpack_memberships_contains_paid_content":false,"footnotes":""},"categories":[109,46],"tags":[2949],"class_list":["post-42188","post","type-post","status-publish","format-standard","has-post-thumbnail","hentry","category-minuto-a-minuto","category-zona-blanca","tag-controversia-constitucional-chimalapas"],"jetpack_featured_media_url":"https:\/\/zonaroja.com.mx\/wp-content\/uploads\/2021\/11\/Chimalapas-2.jpg","jetpack_sharing_enabled":true,"_links":{"self":[{"href":"https:\/\/zonaroja.com.mx\/index.php?rest_route=\/wp\/v2\/posts\/42188","targetHints":{"allow":["GET"]}}],"collection":[{"href":"https:\/\/zonaroja.com.mx\/index.php?rest_route=\/wp\/v2\/posts"}],"about":[{"href":"https:\/\/zonaroja.com.mx\/index.php?rest_route=\/wp\/v2\/types\/post"}],"author":[{"embeddable":true,"href":"https:\/\/zonaroja.com.mx\/index.php?rest_route=\/wp\/v2\/users\/2"}],"replies":[{"embeddable":true,"href":"https:\/\/zonaroja.com.mx\/index.php?rest_route=%2Fwp%2Fv2%2Fcomments&post=42188"}],"version-history":[{"count":1,"href":"https:\/\/zonaroja.com.mx\/index.php?rest_route=\/wp\/v2\/posts\/42188\/revisions"}],"predecessor-version":[{"id":42189,"href":"https:\/\/zonaroja.com.mx\/index.php?rest_route=\/wp\/v2\/posts\/42188\/revisions\/42189"}],"wp:featuredmedia":[{"embeddable":true,"href":"https:\/\/zonaroja.com.mx\/index.php?rest_route=\/wp\/v2\/media\/34063"}],"wp:attachment":[{"href":"https:\/\/zonaroja.com.mx\/index.php?rest_route=%2Fwp%2Fv2%2Fmedia&parent=42188"}],"wp:term":[{"taxonomy":"category","embeddable":true,"href":"https:\/\/zonaroja.com.mx\/index.php?rest_route=%2Fwp%2Fv2%2Fcategories&post=42188"},{"taxonomy":"post_tag","embeddable":true,"href":"https:\/\/zonaroja.com.mx\/index.php?rest_route=%2Fwp%2Fv2%2Ftags&post=42188"}],"curies":[{"name":"wp","href":"https:\/\/api.w.org\/{rel}","templated":true}]}}