{"id":42199,"date":"2022-06-09T19:57:30","date_gmt":"2022-06-10T00:57:30","guid":{"rendered":"http:\/\/www.zonaroja.com.mx\/?p=42199"},"modified":"2022-06-09T19:57:32","modified_gmt":"2022-06-10T00:57:32","slug":"resurge-covid-en-escuelas-de-salina-cruz-suspenden-clases-en-plantel","status":"publish","type":"post","link":"https:\/\/zonaroja.com.mx\/?p=42199","title":{"rendered":"Resurge Covid en escuelas de Salina Cruz; suspenden clases en plantel"},"content":{"rendered":"\n<p>Yuridiana Sosa\/Zona Roja.<\/p>\n\n\n\n<p>Oaxaca de Ju\u00e1rez, Oax., 09 de junio de 2022.- Alumnos y docentes del municipio de Salina Cruz siguen sufriendo el incremento de casos Covid-19 y, de acuerdo con el \u00faltimo reporte de los Servicios de Salud de Oaxaca (SSO), la zona del Istmo registra 204 casos, el n\u00famero m\u00e1s alto de contagios activos.<\/p>\n\n\n\n<p>Al menos en las \u00faltimas tres semanas se han reportado de forma p\u00fablica la suspensi\u00f3n de clases presenciales en tres planteles, dos de nivel primaria y uno m\u00e1s de nivel secundaria.<\/p>\n\n\n\n<p>El caso m\u00e1s reciente de suspensi\u00f3n se registr\u00f3 en la Escuela Secundaria Federal del Istmo (ESFI) \u201cGabriel Ramos Mill\u00e1n\u201d, en la que la direcci\u00f3n avis\u00f3 al alumnado, padres de familia y docentes que a partir de este jueves quedaban suspendidas las clases en las aulas debido a un brote de Covid-19.<\/p>\n\n\n\n<p>Presuntamente se trata de un caso positivo en un alumno, por lo que de inmediato se tom\u00f3 como medida el aislamiento de la plantilla escolar y docentes; suceso que caus\u00f3 una vez m\u00e1s inquietud entre los padres de familia.<\/p>\n\n\n\n<p>D\u00edas previos, a finales de mayo, se dio a conocer otros brotes en las escuelas primarias Vicente Guerrero y en \u201cLic. Wilfrido Cruz\u201d, ambos en la colonia San Pablo Sur, en las que de forma extraoficial se habr\u00edan detectado al menos unos cinco casos.<\/p>\n\n\n\n<p>Por tal motivo se suspendieron las clases presenciales, en tanto que las escuelas junto con los Servicios de Salud de Oaxaca y el Instituto Estatal de Educaci\u00f3n P\u00fablica de Oaxaca (IEEPO) realizaron las acciones necesarias para el regreso posterior a las aulas.&nbsp;<\/p>\n","protected":false},"excerpt":{"rendered":"<p>Yuridiana Sosa\/Zona Roja. Oaxaca de Ju\u00e1rez, Oax., 09 de junio de 2022.- Alumnos y docentes&hellip;<\/p>\n","protected":false},"author":2,"featured_media":42200,"comment_status":"closed","ping_status":"open","sticky":false,"template":"","format":"standard","meta":{"_lmt_disableupdate":"","_lmt_disable":"","_jetpack_memberships_contains_paid_content":false,"footnotes":""},"categories":[109,47],"tags":[1512],"class_list":["post-42199","post","type-post","status-publish","format-standard","has-post-thumbnail","hentry","category-minuto-a-minuto","category-zona-gris","tag-coronavirus-oaxaca"],"jetpack_featured_media_url":"https:\/\/zonaroja.com.mx\/wp-content\/uploads\/2022\/06\/Covid-clases-Salina-Cruz.jpeg","jetpack_sharing_enabled":true,"_links":{"self":[{"href":"https:\/\/zonaroja.com.mx\/index.php?rest_route=\/wp\/v2\/posts\/42199","targetHints":{"allow":["GET"]}}],"collection":[{"href":"https:\/\/zonaroja.com.mx\/index.php?rest_route=\/wp\/v2\/posts"}],"about":[{"href":"https:\/\/zonaroja.com.mx\/index.php?rest_route=\/wp\/v2\/types\/post"}],"author":[{"embeddable":true,"href":"https:\/\/zonaroja.com.mx\/index.php?rest_route=\/wp\/v2\/users\/2"}],"replies":[{"embeddable":true,"href":"https:\/\/zonaroja.com.mx\/index.php?rest_route=%2Fwp%2Fv2%2Fcomments&post=42199"}],"version-history":[{"count":1,"href":"https:\/\/zonaroja.com.mx\/index.php?rest_route=\/wp\/v2\/posts\/42199\/revisions"}],"predecessor-version":[{"id":42201,"href":"https:\/\/zonaroja.com.mx\/index.php?rest_route=\/wp\/v2\/posts\/42199\/revisions\/42201"}],"wp:featuredmedia":[{"embeddable":true,"href":"https:\/\/zonaroja.com.mx\/index.php?rest_route=\/wp\/v2\/media\/42200"}],"wp:attachment":[{"href":"https:\/\/zonaroja.com.mx\/index.php?rest_route=%2Fwp%2Fv2%2Fmedia&parent=42199"}],"wp:term":[{"taxonomy":"category","embeddable":true,"href":"https:\/\/zonaroja.com.mx\/index.php?rest_route=%2Fwp%2Fv2%2Fcategories&post=42199"},{"taxonomy":"post_tag","embeddable":true,"href":"https:\/\/zonaroja.com.mx\/index.php?rest_route=%2Fwp%2Fv2%2Ftags&post=42199"}],"curies":[{"name":"wp","href":"https:\/\/api.w.org\/{rel}","templated":true}]}}