{"id":42202,"date":"2022-06-09T20:52:12","date_gmt":"2022-06-10T01:52:12","guid":{"rendered":"http:\/\/www.zonaroja.com.mx\/?p=42202"},"modified":"2022-06-09T20:52:14","modified_gmt":"2022-06-10T01:52:14","slug":"alejandro-murat-buscara-ser-precandidato-a-la-presidencia","status":"publish","type":"post","link":"https:\/\/zonaroja.com.mx\/?p=42202","title":{"rendered":"Alejandro Murat buscar\u00e1 ser precandidato a la Presidencia"},"content":{"rendered":"\n<p>Redacci\u00f3n\/Zona Roja Cdmx.<\/p>\n\n\n\n<p>Ciudad de M\u00e9xico, 9 de junio de 2022.- El gobernador de Oaxaca,&nbsp;Alejandro Murat, confes\u00f3 que al terminar su gobierno lo que buscar\u00e1 es ser precandidato a la Presidencia de la Rep\u00fablica por \u00abel tricolor\u00bb.&nbsp;<\/p>\n\n\n\n<p>En breve charla previa a la presentaci\u00f3n del plan de apoyo a personas afectadas por el hurac\u00e1n \u201cAgatha\u201d, pidi\u00f3 no ahondar en el tema por respeto a los damnificados y fallecidos que dej\u00f3 este fen\u00f3meno natural.&nbsp;<\/p>\n\n\n\n<p>\u2014\u00bfComo qu\u00e9 embajada le gustar\u00eda?<\/p>\n\n\n\n<p>\u2014 Yo voy a ser precandidato, la vamos a buscar, pero eso despu\u00e9s, despu\u00e9s.<\/p>\n\n\n\n<p>\u201cEstamos de luto, hay que respetar a las familias de Oaxaca, no creo que sea momento para hablar de eso, pero no hay nada que esconder, ya lo hice p\u00fablico \u00bfno? Hay que respetar.<\/p>\n\n\n\n<p>\u2014\u00bfY de qu\u00e9 color de partido?<\/p>\n\n\n\n<p>\u2014 \u00bfQu\u00e9 color, qu\u00e9 color es tricolor?&nbsp;<\/p>\n\n\n\n<p>Adelant\u00f3 que antes de terminar su administraci\u00f3n se entregar\u00e1n proyectos emblem\u00e1ticos en conjunto con el gobierno federal, como la autopista que conectar\u00e1 a la capital de la entidad con la costa en poco m\u00e1s de dos horas, la primera etapa del tren del Istmo y un t\u00fanel.&nbsp;<\/p>\n\n\n\n<p>(Informaci\u00f3n de \u201cMilenio\u201d)<\/p>\n","protected":false},"excerpt":{"rendered":"<p>Redacci\u00f3n\/Zona Roja Cdmx. Ciudad de M\u00e9xico, 9 de junio de 2022.- El gobernador de Oaxaca,&nbsp;Alejandro&hellip;<\/p>\n","protected":false},"author":2,"featured_media":42203,"comment_status":"closed","ping_status":"open","sticky":false,"template":"","format":"standard","meta":{"_lmt_disableupdate":"","_lmt_disable":"","_jetpack_memberships_contains_paid_content":false,"footnotes":""},"categories":[109,46],"tags":[173],"class_list":["post-42202","post","type-post","status-publish","format-standard","has-post-thumbnail","hentry","category-minuto-a-minuto","category-zona-blanca","tag-alejandro-murat-hinojosa"],"jetpack_featured_media_url":"https:\/\/zonaroja.com.mx\/wp-content\/uploads\/2022\/06\/Alejandro-Murat-huracan.jpg","jetpack_sharing_enabled":true,"_links":{"self":[{"href":"https:\/\/zonaroja.com.mx\/index.php?rest_route=\/wp\/v2\/posts\/42202","targetHints":{"allow":["GET"]}}],"collection":[{"href":"https:\/\/zonaroja.com.mx\/index.php?rest_route=\/wp\/v2\/posts"}],"about":[{"href":"https:\/\/zonaroja.com.mx\/index.php?rest_route=\/wp\/v2\/types\/post"}],"author":[{"embeddable":true,"href":"https:\/\/zonaroja.com.mx\/index.php?rest_route=\/wp\/v2\/users\/2"}],"replies":[{"embeddable":true,"href":"https:\/\/zonaroja.com.mx\/index.php?rest_route=%2Fwp%2Fv2%2Fcomments&post=42202"}],"version-history":[{"count":1,"href":"https:\/\/zonaroja.com.mx\/index.php?rest_route=\/wp\/v2\/posts\/42202\/revisions"}],"predecessor-version":[{"id":42204,"href":"https:\/\/zonaroja.com.mx\/index.php?rest_route=\/wp\/v2\/posts\/42202\/revisions\/42204"}],"wp:featuredmedia":[{"embeddable":true,"href":"https:\/\/zonaroja.com.mx\/index.php?rest_route=\/wp\/v2\/media\/42203"}],"wp:attachment":[{"href":"https:\/\/zonaroja.com.mx\/index.php?rest_route=%2Fwp%2Fv2%2Fmedia&parent=42202"}],"wp:term":[{"taxonomy":"category","embeddable":true,"href":"https:\/\/zonaroja.com.mx\/index.php?rest_route=%2Fwp%2Fv2%2Fcategories&post=42202"},{"taxonomy":"post_tag","embeddable":true,"href":"https:\/\/zonaroja.com.mx\/index.php?rest_route=%2Fwp%2Fv2%2Ftags&post=42202"}],"curies":[{"name":"wp","href":"https:\/\/api.w.org\/{rel}","templated":true}]}}