{"id":4221,"date":"2019-09-23T16:18:55","date_gmt":"2019-09-23T21:18:55","guid":{"rendered":"http:\/\/www.zonaroja.com.mx\/?p=4221"},"modified":"2019-09-23T16:18:58","modified_gmt":"2019-09-23T21:18:58","slug":"promueve-dieg-uabjo-primera-feria-por-la-salud-sexual","status":"publish","type":"post","link":"https:\/\/zonaroja.com.mx\/?p=4221","title":{"rendered":"Promueve DIEG-UABJO primera Feria por la Salud Sexual"},"content":{"rendered":"\n<p>Evlin\nArag\u00f3n\/Zona Roja.<\/p>\n\n\n\n<p>Oaxaca de\nJu\u00e1rez, Oax., 23 de septiembre de 2019.- En el marco del D\u00eda Global por el\nAcceso al Aborto Legal, Seguro y Gratuito, la Universidad Aut\u00f3noma \u201cBenito\nJu\u00e1rez\u201d de Oaxaca, a trav\u00e9s de la Direcci\u00f3n de Equidad y G\u00e9nero (DIEG),\nrealizar\u00e1n este mi\u00e9rcoles a partir de las 10 de la ma\u00f1ana su Feria de la Salud\nSexual \u201cConocernos, disfrutarnos y cuidarnos\u201d.<\/p>\n\n\n\n<p>Para lo\nanterior se aliaron con m\u00e1s de diez organizaciones sociales y colectivos a\nfavor de los derechos sexuales y reproductivos de las mujeres como son:\nIxmucane A.C., GES Mujer \u201cRosario Castellanos\u201d, Comit\u00e9 de Am\u00e9rica Latina y el\nCaribe por la Defensa de los Derechos Humanos de las Mujeres, Ddeser Oaxaca y\nConsorcio para el Di\u00e1logo Parlamentario y la Equidad Oaxaca, entre otras.<\/p>\n\n\n\n<p>De acuerdo con la titular de la DIEG-UABJO, Yamille G\u00f3mez Hern\u00e1ndez, el objetivo de la actividad es generar un espacio informativo en torno al ejercicio consciente, aut\u00f3nomo y de libre decisi\u00f3n de la sexualidad entre la poblaci\u00f3n universitaria, mediante la promoci\u00f3n de servicios y la difusi\u00f3n de los derechos sexuales y reproductivos. <\/p>\n\n\n\n<figure class=\"wp-block-embed-twitter wp-block-embed is-type-rich is-provider-twitter\"><div class=\"wp-block-embed__wrapper\">\n<div class=\"twitter-tweet\"><blockquote class=\"twitter-tweet\" data-lang=\"es\"><p lang=\"es\" dir=\"ltr\">En entrevista para <a href=\"https:\/\/twitter.com\/cortv?ref_src=twsrc%5Etfw\">@cortv<\/a>, la titular de la <a href=\"https:\/\/twitter.com\/DUabjo?ref_src=twsrc%5Etfw\">@DUabjo<\/a>, <a href=\"https:\/\/twitter.com\/yamillegh?ref_src=twsrc%5Etfw\">@yamillegh<\/a>, anunci\u00f3 los pormenores de la Feria Universitaria por la Salud Sexual &quot;Conocernos, disfrutarnos y cuidarnos\u201d a realizarse en la <a href=\"https:\/\/twitter.com\/UABJO?ref_src=twsrc%5Etfw\">@UABJO<\/a> en coordinaci\u00f3n con organizaciones de la sociedad civil.  <a href=\"https:\/\/twitter.com\/Bautistaeduardo?ref_src=twsrc%5Etfw\">@Bautistaeduardo<\/a> <a href=\"https:\/\/t.co\/QVZDFO332t\">pic.twitter.com\/QVZDFO332t<\/a><\/p>&mdash; DIEG UABJO (@DUabjo) <a href=\"https:\/\/twitter.com\/DUabjo\/status\/1175061357990952960?ref_src=twsrc%5Etfw\">20 de septiembre de 2019<\/a><\/blockquote><\/div>\n<\/div><\/figure>\n\n\n\n<p>\u201cUna de las\nprincipales l\u00edneas de acci\u00f3n de la actividad es acercar, a las y los j\u00f3venes\nuniversitarios, la informaci\u00f3n necesaria para que puedan ejercer su sexualidad\nde forma responsable\u201d, dijo.<\/p>\n\n\n\n<p>Algunas de\nlas actividades programadas para este mi\u00e9rcoles son: el conversatorio \u201cHablemos\nde nuestro derecho a decidir; los talleres sobre la p\u00edldora de emergencia y la\nmenstruaci\u00f3n; las pl\u00e1ticas sobre el aborto y la Norma 046; as\u00ed como los\nc\u00edrculos de lectura \u201cCarmen Cordero Avenda\u00f1o\u201d con los temas de Violencia de\ng\u00e9nero y educaci\u00f3n emocional.<\/p>\n\n\n\n<p>La feria\ntambi\u00e9n incluye m\u00f3dulos informativos en donde se prev\u00e9 distribuci\u00f3n de m\u00e9todos\nanticonceptivos y algunos otros materiales informativos y did\u00e1cticos que puedan\nser de ayuda para las y los j\u00f3venes, as\u00ed como habr\u00e1 toma r\u00e1pida de pruebas de\nVIH sin costo alguno.<\/p>\n\n\n\n<p>Tambi\u00e9n\nhabr\u00e1 m\u00fasica la cual estar\u00e1 a cargo de la rapera oaxaque\u00f1a Mare Advertencia\nLirika, as\u00ed como de la Colectiva Artemisa y Yadii Boz-Bombap Oaxaque\u00f1a\nZapoteca.<\/p>\n\n\n\n<p>La cita es\nel pr\u00f3ximo mi\u00e9rcoles 24 de septiembre en la explanada principal de Rector\u00eda en\nla Ciudad Universitaria, con un horario de 10 de ma\u00f1ana a 6 de la tarde, y\ndonde puede participar el p\u00fablico en general, independientemente de la\ncomunidad universitaria.<\/p>\n","protected":false},"excerpt":{"rendered":"<p>Evlin Arag\u00f3n\/Zona Roja. Oaxaca de Ju\u00e1rez, Oax., 23 de septiembre de 2019.- En el marco&hellip;<\/p>\n","protected":false},"author":2,"featured_media":4222,"comment_status":"closed","ping_status":"open","sticky":false,"template":"","format":"standard","meta":{"_lmt_disableupdate":"","_lmt_disable":"","_jetpack_memberships_contains_paid_content":false,"footnotes":""},"categories":[109,46],"tags":[],"class_list":["post-4221","post","type-post","status-publish","format-standard","has-post-thumbnail","hentry","category-minuto-a-minuto","category-zona-blanca"],"jetpack_featured_media_url":"https:\/\/zonaroja.com.mx\/wp-content\/uploads\/2019\/09\/Image-1-14.png","jetpack_sharing_enabled":true,"_links":{"self":[{"href":"https:\/\/zonaroja.com.mx\/index.php?rest_route=\/wp\/v2\/posts\/4221","targetHints":{"allow":["GET"]}}],"collection":[{"href":"https:\/\/zonaroja.com.mx\/index.php?rest_route=\/wp\/v2\/posts"}],"about":[{"href":"https:\/\/zonaroja.com.mx\/index.php?rest_route=\/wp\/v2\/types\/post"}],"author":[{"embeddable":true,"href":"https:\/\/zonaroja.com.mx\/index.php?rest_route=\/wp\/v2\/users\/2"}],"replies":[{"embeddable":true,"href":"https:\/\/zonaroja.com.mx\/index.php?rest_route=%2Fwp%2Fv2%2Fcomments&post=4221"}],"version-history":[{"count":1,"href":"https:\/\/zonaroja.com.mx\/index.php?rest_route=\/wp\/v2\/posts\/4221\/revisions"}],"predecessor-version":[{"id":4223,"href":"https:\/\/zonaroja.com.mx\/index.php?rest_route=\/wp\/v2\/posts\/4221\/revisions\/4223"}],"wp:featuredmedia":[{"embeddable":true,"href":"https:\/\/zonaroja.com.mx\/index.php?rest_route=\/wp\/v2\/media\/4222"}],"wp:attachment":[{"href":"https:\/\/zonaroja.com.mx\/index.php?rest_route=%2Fwp%2Fv2%2Fmedia&parent=4221"}],"wp:term":[{"taxonomy":"category","embeddable":true,"href":"https:\/\/zonaroja.com.mx\/index.php?rest_route=%2Fwp%2Fv2%2Fcategories&post=4221"},{"taxonomy":"post_tag","embeddable":true,"href":"https:\/\/zonaroja.com.mx\/index.php?rest_route=%2Fwp%2Fv2%2Ftags&post=4221"}],"curies":[{"name":"wp","href":"https:\/\/api.w.org\/{rel}","templated":true}]}}