{"id":42221,"date":"2022-06-10T13:19:38","date_gmt":"2022-06-10T18:19:38","guid":{"rendered":"https:\/\/www.zonaroja.com.mx\/?p=42221"},"modified":"2022-06-10T13:23:57","modified_gmt":"2022-06-10T18:23:57","slug":"ayutla-y-tamazulapam-anuncian-sentencia-sobre-limites-de-tierras-amlo-y-murat-atestiguan","status":"publish","type":"post","link":"https:\/\/zonaroja.com.mx\/?p=42221","title":{"rendered":"Ayutla y Tamazul\u00e1pam anuncian sentencia sobre l\u00edmites de tierras; AMLO y Murat atestiguan"},"content":{"rendered":"\n<p>Yuridiana Sosa\/Zona Roja.<\/p>\n\n\n\n<p>Oaxaca de Ju\u00e1rez, Oax., 10 de junio de 2022.- Autoridades municipales de San Pedro y San Pablo Ayutla y Tamazul\u00e1pam del Esp\u00edritu Santo, de la zona Mixe de Oaxaca, dieron a conocer &nbsp;el logro de una sentencia de tribunales agrarios, que dar\u00e1 fin a su conflicto de tierras y del agua.<\/p>\n\n\n\n<p>El anuncio se realiz\u00f3 desde la conferencia ma\u00f1anera del presidente Andr\u00e9s Manuel L\u00f3pez Obrador en su visita a Oaxaca, este 10 de junio, donde ambas autoridades municipales expusieron los avances alcanzados entre las propias comunidades para lograr la paz en la zona.<\/p>\n\n\n\n<p>Durante su participaci\u00f3n, Murat Hinojosa aprovech\u00f3 el momento para abrir paso al anuncio de los presidentes municipales, quienes dan fin a un conflicto territorial y de car\u00e1cter social de m\u00e1s de 50 a\u00f1os.<\/p>\n\n\n\n<p>El presidente de San Pedro y San Pablo Ayutla, Juan Galv\u00e1n Rojas, explic\u00f3 el desarrollo del esfuerzo conjunto entre las autoridades auxiliares de su poblaci\u00f3n y del municipio vecino para lograr este momento hist\u00f3rico.<\/p>\n\n\n\n<p>A partir de asambleas se acord\u00f3 en septiembre de 2021 la delimitaci\u00f3n de las l\u00edneas colindantes y el 27 de noviembre de ese mismo a\u00f1o se realizaron los trabajos de brecheo y amojonamiento para definir la posesi\u00f3n y propiedad de los terrenos comunales entre las comunidades de San Pedro y San Pablo Ayutla y Tamazul\u00e1pam del Esp\u00edritu Santo.<\/p>\n\n\n\n<figure class=\"wp-block-embed\"><div class=\"wp-block-embed__wrapper\">\n<div class=\"twitter-tweet\"><blockquote class=\"twitter-tweet\" data-lang=\"es\"><p lang=\"es\" dir=\"ltr\">2. En la conferencia de prensa de hoy desde Huatulco, <a href=\"https:\/\/twitter.com\/hashtag\/Oaxaca?src=hash&amp;ref_src=twsrc%5Etfw\">#Oaxaca<\/a>, participaron autoridades municipales de San Pedro y San Pablo Ayutla y Tamazul\u00e1pam del Esp\u00edritu Santo, quienes anunciaron que ya tienen la resoluci\u00f3n judicial con la que culmina totalmente su conflicto de tierras. <a href=\"https:\/\/t.co\/KQS4B36GzI\">pic.twitter.com\/KQS4B36GzI<\/a><\/p>&mdash; Zona Roja Oaxaca (@ZonaRoja_Oaxaca) <a href=\"https:\/\/twitter.com\/ZonaRoja_Oaxaca\/status\/1535250926700843008?ref_src=twsrc%5Etfw\">10 de junio de 2022<\/a><\/blockquote><\/div>\n<\/div><\/figure>\n\n\n\n<p>Adem\u00e1s, tambi\u00e9n se han construido tanques y se tiende la tuber\u00eda para la distribuci\u00f3n equitativa del agua para ambas comunidades, lo cual tambi\u00e9n forma parte de lo logrado.<\/p>\n\n\n\n<p>Esto luego que Ayutla ha vivido sin el suministro de agua por m\u00e1s de cuatro a\u00f1os debido a los conflictos con su comunidad vecina. <\/p>\n\n\n\n<p>Los acuerdos entre comunidades se formalizaron en una sentencia judicial de tribunales agrarios, sin embargo, a\u00fan restan algunos tr\u00e1mites para concluir el proceso, por lo que las autoridades municipales demandaron al presidente apoyo para la agilizaci\u00f3n y se concluya la parte oficial.<\/p>\n\n\n\n<p>Desde los acuerdos entre comunidades, la vida y convivencia en paz se ha restablecido en diversas actividades, indic\u00f3 el edil de Ayutla.<\/p>\n\n\n\n<p>Por su parte, el presidente municipal de Tamazul\u00e1pam, Victorino Mart\u00ednez Jim\u00e9nez, agradeci\u00f3 a los comuneros por su disposici\u00f3n y trabajo en este acuerdo hist\u00f3rico.&nbsp;<\/p>\n\n\n\n<p>Las autoridades municipales pidieron al Presidente de M\u00e9xico firmar como testigo de los avances alcanzados en las asambleas comunitarias, documentados en un archivo que presentaron en la conferencia matutina.<\/p>\n\n\n\n<p>As\u00ed tambi\u00e9n, particip\u00f3 con su firma el gobernador de Oaxaca,  Alejandro Murat Hinojosa, quien finalmente resalt\u00f3 que en Oaxaca se ha privilegiado el di\u00e1logo para lograr acuerdos a favor de las comunidades.<\/p>\n","protected":false},"excerpt":{"rendered":"<p>Yuridiana Sosa\/Zona Roja. Oaxaca de Ju\u00e1rez, Oax., 10 de junio de 2022.- Autoridades municipales de&hellip;<\/p>\n","protected":false},"author":2,"featured_media":42220,"comment_status":"closed","ping_status":"open","sticky":false,"template":"","format":"standard","meta":{"_lmt_disableupdate":"","_lmt_disable":"","_jetpack_memberships_contains_paid_content":false,"footnotes":""},"categories":[109,46],"tags":[],"class_list":["post-42221","post","type-post","status-publish","format-standard","has-post-thumbnail","hentry","category-minuto-a-minuto","category-zona-blanca"],"jetpack_featured_media_url":"https:\/\/zonaroja.com.mx\/wp-content\/uploads\/2022\/06\/img_9282.jpg","jetpack_sharing_enabled":true,"_links":{"self":[{"href":"https:\/\/zonaroja.com.mx\/index.php?rest_route=\/wp\/v2\/posts\/42221","targetHints":{"allow":["GET"]}}],"collection":[{"href":"https:\/\/zonaroja.com.mx\/index.php?rest_route=\/wp\/v2\/posts"}],"about":[{"href":"https:\/\/zonaroja.com.mx\/index.php?rest_route=\/wp\/v2\/types\/post"}],"author":[{"embeddable":true,"href":"https:\/\/zonaroja.com.mx\/index.php?rest_route=\/wp\/v2\/users\/2"}],"replies":[{"embeddable":true,"href":"https:\/\/zonaroja.com.mx\/index.php?rest_route=%2Fwp%2Fv2%2Fcomments&post=42221"}],"version-history":[{"count":1,"href":"https:\/\/zonaroja.com.mx\/index.php?rest_route=\/wp\/v2\/posts\/42221\/revisions"}],"predecessor-version":[{"id":42222,"href":"https:\/\/zonaroja.com.mx\/index.php?rest_route=\/wp\/v2\/posts\/42221\/revisions\/42222"}],"wp:featuredmedia":[{"embeddable":true,"href":"https:\/\/zonaroja.com.mx\/index.php?rest_route=\/wp\/v2\/media\/42220"}],"wp:attachment":[{"href":"https:\/\/zonaroja.com.mx\/index.php?rest_route=%2Fwp%2Fv2%2Fmedia&parent=42221"}],"wp:term":[{"taxonomy":"category","embeddable":true,"href":"https:\/\/zonaroja.com.mx\/index.php?rest_route=%2Fwp%2Fv2%2Fcategories&post=42221"},{"taxonomy":"post_tag","embeddable":true,"href":"https:\/\/zonaroja.com.mx\/index.php?rest_route=%2Fwp%2Fv2%2Ftags&post=42221"}],"curies":[{"name":"wp","href":"https:\/\/api.w.org\/{rel}","templated":true}]}}