{"id":42227,"date":"2022-06-10T15:44:13","date_gmt":"2022-06-10T20:44:13","guid":{"rendered":"http:\/\/www.zonaroja.com.mx\/?p=42227"},"modified":"2022-06-10T15:44:14","modified_gmt":"2022-06-10T20:44:14","slug":"exigen-castigo-ejemplar-a-presunto-feminicida-de-soledad","status":"publish","type":"post","link":"https:\/\/zonaroja.com.mx\/?p=42227","title":{"rendered":"Exigen castigo ejemplar a presunto feminicida de Soledad"},"content":{"rendered":"\n<p>Yuridiana Sosa\/Zona Roja.<\/p>\n\n\n\n<p>Oaxaca de Ju\u00e1rez, Oax., 10 de junio de 2022.- Familiares de Soledad, v\u00edctima de feminicidio en la ciudad de Oaxaca, y colectivos feministas marcharon este viernes en la capital, para exigir justicia ante el atroz hecho y que el responsable reciba una debida sentencia.<\/p>\n\n\n\n<p>Bajo la lluvia, previo a realizarse la misa y sepultura de la madre de familia, los dolientes se reunieron cerca de las 9:00 horas a un costado de la Bas\u00edlica de Nuestra Se\u00f1ora de la Soledad, sobre avenida Independencia, para desplazarse hasta la fuente de las Ocho Regiones, donde se ubica el \u201cantimonumenta\u201d.<\/p>\n\n\n\n<p>Con globos blancos, girasoles y consignas, pero de forma ordenada, las manifestantes marcharon hasta llegar al punto final de la manifestaci\u00f3n; en este espacio tambi\u00e9n clamaron justicia.<\/p>\n\n\n\n<p>Tras este acto, la familia y amigos se dirigieron al domicilio de Soledad, en la agencia de Dolores, para darle el \u00faltimo adi\u00f3s, despu\u00e9s se realiz\u00f3 una misa para finalmente sepultarla en el pante\u00f3n de la colonia Siete Regiones, al norte de la capital.<\/p>\n\n\n\n<figure class=\"wp-block-embed is-type-rich is-provider-twitter wp-block-embed-twitter\"><div class=\"wp-block-embed__wrapper\">\n<div class=\"twitter-tweet\"><blockquote class=\"twitter-tweet\" data-lang=\"es\"><p lang=\"es\" dir=\"ltr\"><a href=\"https:\/\/twitter.com\/hashtag\/JusticiaParaSoledad?src=hash&amp;ref_src=twsrc%5Etfw\">#JusticiaParaSoledad<\/a><br>Esta ma\u00f1ana, familiares de Soledad M. y colectivos feministas marcharon del centro al norte de la ciudad de <a href=\"https:\/\/twitter.com\/hashtag\/Oaxaca?src=hash&amp;ref_src=twsrc%5Etfw\">#Oaxaca<\/a>, para exigir severo castigo al autor del feminicidio de la mujer, perpetrado esta semana en la capital. <a href=\"https:\/\/t.co\/pxG79uEAJv\">pic.twitter.com\/pxG79uEAJv<\/a><\/p>&mdash; Zona Roja Oaxaca (@ZonaRoja_Oaxaca) <a href=\"https:\/\/twitter.com\/ZonaRoja_Oaxaca\/status\/1535295554317582338?ref_src=twsrc%5Etfw\">10 de junio de 2022<\/a><\/blockquote><\/div>\n<\/div><\/figure>\n\n\n\n<p>Soledad fue asesinada la noche del 7 de junio por su pareja identificada como Andr\u00e9s V. M. en un domicilio de la agencia de Dolores.<\/p>\n\n\n\n<p>El sujeto fue detenido esa misma noche dentro del mismo lugar de los hechos, donde a\u00fan permanec\u00edan los restos de la mujer dentro de bolsas, en las cuales pretend\u00eda deshacerse del cuerpo.<\/p>\n\n\n\n<p>Por el crimen, la Fiscal\u00eda General de Oaxaca abri\u00f3 la carpeta de investigaci\u00f3n 20030\/FMUJ\/UFEM\/2022 por el delito de feminicidio.<\/p>\n\n\n\n<p>La autoridad de justicia inform\u00f3 la ma\u00f1ana de este viernes que se llev\u00f3 a cabo la audiencia por feminicidio con el presunto responsable de privar de la vida a Soledad, quien qued\u00f3 en prisi\u00f3n preventiva.<\/p>\n\n\n\n<p>El feminicidio de Sol es el sexto del mes de junio y el n\u00famero 62, de enero al 8 de junio, del 2022 de acuerdo con datos del Grupo de Estudios Sobre la Mujer \u201cRosarios Castellanos.<\/p>\n","protected":false},"excerpt":{"rendered":"<p>Yuridiana Sosa\/Zona Roja. Oaxaca de Ju\u00e1rez, Oax., 10 de junio de 2022.- Familiares de Soledad,&hellip;<\/p>\n","protected":false},"author":2,"featured_media":42228,"comment_status":"closed","ping_status":"open","sticky":false,"template":"","format":"standard","meta":{"_lmt_disableupdate":"","_lmt_disable":"","_jetpack_memberships_contains_paid_content":false,"footnotes":""},"categories":[109,47],"tags":[610],"class_list":["post-42227","post","type-post","status-publish","format-standard","has-post-thumbnail","hentry","category-minuto-a-minuto","category-zona-gris","tag-feminicidios-oaxaca"],"jetpack_featured_media_url":"https:\/\/zonaroja.com.mx\/wp-content\/uploads\/2022\/06\/Marcha-feministas-feminicidio-Soledad.jpg","jetpack_sharing_enabled":true,"_links":{"self":[{"href":"https:\/\/zonaroja.com.mx\/index.php?rest_route=\/wp\/v2\/posts\/42227","targetHints":{"allow":["GET"]}}],"collection":[{"href":"https:\/\/zonaroja.com.mx\/index.php?rest_route=\/wp\/v2\/posts"}],"about":[{"href":"https:\/\/zonaroja.com.mx\/index.php?rest_route=\/wp\/v2\/types\/post"}],"author":[{"embeddable":true,"href":"https:\/\/zonaroja.com.mx\/index.php?rest_route=\/wp\/v2\/users\/2"}],"replies":[{"embeddable":true,"href":"https:\/\/zonaroja.com.mx\/index.php?rest_route=%2Fwp%2Fv2%2Fcomments&post=42227"}],"version-history":[{"count":1,"href":"https:\/\/zonaroja.com.mx\/index.php?rest_route=\/wp\/v2\/posts\/42227\/revisions"}],"predecessor-version":[{"id":42229,"href":"https:\/\/zonaroja.com.mx\/index.php?rest_route=\/wp\/v2\/posts\/42227\/revisions\/42229"}],"wp:featuredmedia":[{"embeddable":true,"href":"https:\/\/zonaroja.com.mx\/index.php?rest_route=\/wp\/v2\/media\/42228"}],"wp:attachment":[{"href":"https:\/\/zonaroja.com.mx\/index.php?rest_route=%2Fwp%2Fv2%2Fmedia&parent=42227"}],"wp:term":[{"taxonomy":"category","embeddable":true,"href":"https:\/\/zonaroja.com.mx\/index.php?rest_route=%2Fwp%2Fv2%2Fcategories&post=42227"},{"taxonomy":"post_tag","embeddable":true,"href":"https:\/\/zonaroja.com.mx\/index.php?rest_route=%2Fwp%2Fv2%2Ftags&post=42227"}],"curies":[{"name":"wp","href":"https:\/\/api.w.org\/{rel}","templated":true}]}}