{"id":42230,"date":"2022-06-10T15:52:53","date_gmt":"2022-06-10T20:52:53","guid":{"rendered":"http:\/\/www.zonaroja.com.mx\/?p=42230"},"modified":"2022-06-10T15:52:55","modified_gmt":"2022-06-10T20:52:55","slug":"asegura-murat-ante-lopez-obrador-que-en-oaxaca-hay-gobernabilidad","status":"publish","type":"post","link":"https:\/\/zonaroja.com.mx\/?p=42230","title":{"rendered":"Asegura Murat ante L\u00f3pez Obrador que en Oaxaca hay gobernabilidad"},"content":{"rendered":"\n<p>Redacci\u00f3n\/Zona Roja.<\/p>\n\n\n\n<p>Oaxaca de Ju\u00e1rez, Oax., a 10 de junio de 2022.- En el marco de la visita del Presidente de M\u00e9xico, Andr\u00e9s Manuel L\u00f3pez Obrador, para conocer y dar seguimiento a las acciones de atenci\u00f3n a las familias afectadas por el hurac\u00e1n \u201c\u00c1gatha\u201d, se realiz\u00f3 en este municipio la conferencia de prensa nacional matutina, en el que el gobernador Alejandro Murat Hinojosa inform\u00f3 de los avances que el gobierno estatal, en coordinaci\u00f3n con el gobierno federal y los municipios, realizan en auxilio de las comunidades damnificadas.<\/p>\n\n\n\n<p>Asimismo, durante la conferencia, autoridades municipales de la zona Mixe, Tamazul\u00e1pam del Esp\u00edritu Santo y San Pedro y San Pablo Ayutla, anunciaron que ya cuentan con la sentencia del Tribunal Agrario que da legalidad al acuerdo que ambas comunidades decidieron para la delimitaci\u00f3n territorial, construcci\u00f3n de mojoneras y distribuci\u00f3n del agua.<\/p>\n\n\n\n<p>Ante este hecho, el mandatario estatal resalt\u00f3 ante el Presidente de M\u00e9xico, que en Oaxaca hay gobernabilidad. Que en Oaxaca se elige una manera de gobernar y esa es a trav\u00e9s de la coordinaci\u00f3n y trabajo en equipo entre el gobierno estatal, federal y los 570 municipios.<\/p>\n\n\n\n<p>\u201cComo gobernador rechazo la polarizaci\u00f3n, no creo que a partir del odio se pueda construir la esperanza de un pa\u00eds diferente, se construye a partir del di\u00e1logo, a partir de los acuerdos y eso es lo que hemos sabido hacer aqu\u00ed en Oaxaca y los resultados est\u00e1n m\u00e1s que en palabras en hechos contundentes\u201d, puntualiz\u00f3 el jefe del Poder Ejecutivo del Estado.<\/p>\n\n\n\n<p>A\u00f1adi\u00f3 que por m\u00e1s de 50 a\u00f1os, los municipios de San Pedro y San Pablo Ayutla y Tamazulapan del Esp\u00edritu Santo hab\u00edan tenido conflictos de car\u00e1cter social y de gobierno, sin embargo, dijo, en los conflictos sociales el di\u00e1logo es la principal forma de resolver los problemas.<\/p>\n\n\n\n<p>\u201cA veces se olvida que en la democracia, que es un gran sistema de gobierno, hay que saber ponernos de acuerdo, y para llegar a esos acuerdos, di\u00e1logo y cuando se agota el di\u00e1logo, m\u00e1s di\u00e1logo, as\u00ed es como se construye la gobernabilidad\u201d, reiter\u00f3 Murat Hinojosa.<\/p>\n\n\n\n<p>El gobernador hizo hincapi\u00e9 en que la gobernabilidad es saber gobernar con todas las fuerzas pol\u00edticas y expresiones sociales, lo que ha permitido tambi\u00e9n que, de acuerdo con el Instituto Nacional de Estad\u00edstica y Geograf\u00eda (INEGI), por primera vez en la historia la econom\u00eda de Oaxaca sea de las que m\u00e1s crece en el pa\u00eds, al mismo tiempo que disminuye la pobreza m\u00e1s que nunca.<\/p>\n\n\n\n<p>Tamazul\u00e1pam del Esp\u00edritu y San Pedro y San Pablo Ayutla ponen fin a conflicto de m\u00e1s de 50 a\u00f1os por distribuci\u00f3n de agua.<\/p>\n\n\n\n<p>RECONOCEN APOYO<\/p>\n\n\n\n<p>Durante la conferencia de prensa matutina federal, en un mensaje al pueblo de Oaxaca y M\u00e9xico en la lengua mixe, el presidente municipal de San Pedro y San Pablo Ayutla, Jes\u00fas Galv\u00e1n Rojas, anunci\u00f3 que cansado de muchos a\u00f1os de conflicto entre ambas comunidades y como resultado del di\u00e1logo permanente desde el a\u00f1o pasado, firmaron un acuerdo de paz el pasado 2 de septiembre de 2021 en el que decidieron determinar la l\u00ednea de colindancia, y el 27 de noviembre construir las mojoneras y con ello, compartir el agua en partes iguales ambas poblaciones.<\/p>\n\n\n\n<p>El edil inform\u00f3 que ya cuentan con sentencia del Tribunal Agrario, misma que otorg\u00f3 una copia al presidente de la Naci\u00f3n, Andr\u00e9s Manuel L\u00f3pez Obrador, que da legalidad al acuerdo que ambas comunidades mixes decidieron para la delimitaci\u00f3n territorial, construcci\u00f3n de mojoneras y distribuci\u00f3n de agua.<\/p>\n\n\n\n<p>Agreg\u00f3 que, hasta la fecha, llevan importantes avances como la construcci\u00f3n de tanques e instalaci\u00f3n de tuber\u00edas, y que se espera que en breve se concluyan los trabajos para que el agua se pueda distribuir simult\u00e1neamente a los dos pueblos y disfrutar equitativamente de este beneficio.<\/p>\n\n\n\n<figure class=\"wp-block-embed is-type-rich is-provider-twitter wp-block-embed-twitter\"><div class=\"wp-block-embed__wrapper\">\n<div class=\"twitter-tweet\"><blockquote class=\"twitter-tweet\" data-lang=\"es\"><p lang=\"es\" dir=\"ltr\">2. En la conferencia de prensa de hoy desde Huatulco, <a href=\"https:\/\/twitter.com\/hashtag\/Oaxaca?src=hash&amp;ref_src=twsrc%5Etfw\">#Oaxaca<\/a>, participaron autoridades municipales de San Pedro y San Pablo Ayutla y Tamazul\u00e1pam del Esp\u00edritu Santo, quienes anunciaron que ya tienen la resoluci\u00f3n judicial con la que culmina totalmente su conflicto de tierras. <a href=\"https:\/\/t.co\/KQS4B36GzI\">pic.twitter.com\/KQS4B36GzI<\/a><\/p>&mdash; Zona Roja Oaxaca (@ZonaRoja_Oaxaca) <a href=\"https:\/\/twitter.com\/ZonaRoja_Oaxaca\/status\/1535250926700843008?ref_src=twsrc%5Etfw\">10 de junio de 2022<\/a><\/blockquote><\/div>\n<\/div><\/figure>\n\n\n\n<p>Asimismo, solicit\u00f3 al Mandatario de la Naci\u00f3n y de Oaxaca firmaran como testigos de honor el libro en donde se registraron los resultados de las asambleas, acuerdos y actas de los pueblos para llegar a este acuerdo. \u201cYa nos separamos, pero en buenos t\u00e9rminos, la convivencia, los trabajos y la armon\u00eda esa es la que debe reinar, alo que nosotros le apostamos para nuestros nietos, para nuestros hijos\u201d, abund\u00f3 Galv\u00e1n Rojas.<\/p>\n\n\n\n<p>Por su parte, el presidente municipal de Tamazulapam del Esp\u00edritu Santo, Rafael Ju\u00e1rez Mart\u00ednez, agradeci\u00f3 a los comuneros hombres, mujeres, ni\u00f1os y ni\u00f1as que contribuyeron en la resoluci\u00f3n de los problemas de ambos municipios, ya que sin ellos no se hubiera podido lograr esta resoluci\u00f3n para poner fin a d\u00e9cadas de conflicto.<\/p>\n\n\n\n<p>\u201cEsto es una muestra de que los problemas se pueden resolver, por m\u00e1s grandes que sean. Esto es un ejemplo para el pueblo mexicano. Agradezco al Gobernador y al Presidente de la Rep\u00fablica por contribuir en la resoluci\u00f3n de nuestros problemas. Hoy estamos en paz, iniciando una nueva relaci\u00f3n social y pol\u00edtica, historia que estamos forjando y escribiendo\u201d, expres\u00f3.<\/p>\n\n\n\n<p>Balance de las acciones de atenci\u00f3n a las familias afectadas por el hurac\u00e1n \u201c\u00c1gatha\u201d<\/p>\n\n\n\n<p>FLUIR\u00c1N APOYOS<\/p>\n\n\n\n<p>El presidente de M\u00e9xico, Andr\u00e9s Manuel L\u00f3pez Obrador, se\u00f1al\u00f3 que este jueves por la tarde se realiz\u00f3 una reuni\u00f3n con integrantes del gabinete federal y Estatal, as\u00ed como con autoridades municipales de los 31 municipios de la regi\u00f3n de la Costa y Sierra Sur que fueron afectados por el hurac\u00e1n \u201c\u00c1gatha\u201d.<\/p>\n\n\n\n<p>Anunci\u00f3 la realizaci\u00f3n del registro de da\u00f1os casa por casa, mismo que concluir\u00e1 este domingo; adem\u00e1s, mencion\u00f3 que regresar\u00e1 el pr\u00f3ximo viernes para dar a conocer el Plan de Reconstrucci\u00f3n que se construir\u00e1 a partir de los resultados del censo.<\/p>\n\n\n\n<p>Dijo que con el apoyo del gobernador Alejandro Murat Hinojosa se ha logrado que se atienda de manera eficiente a las y los oaxaque\u00f1os. \u201cNo est\u00e1n solos, seguir\u00e1n contando con nuestro apoyo\u201d, apunt\u00f3.<\/p>\n\n\n\n<p>Asimismo, refiri\u00f3 que este viernes har\u00e1 un recorrido a comunidades de las regiones de la Costa- Mazunte-, Sierra Sur- Pluma Hidalgo y Candelaria Loxicha-, e Istmo. Adem\u00e1s, que continuar\u00e1n las brigadas en las poblaciones afectadas para brindar la atenci\u00f3n necesaria.<\/p>\n\n\n\n<p>En cuanto a los trabajos que realiza el Gobierno del Estado en las zonas que se vieron da\u00f1adas por el hurac\u00e1n, el gobernador Alejandro Murat Hinojosa enfatiz\u00f3 que la entidad est\u00e1 de luto, que hay nueve defunciones, pero que Oaxaca es un pueblo fuerte que sabe mirar a la tragedia de frente y salir adelante.<\/p>\n\n\n\n<p>\u201cHoy estamos de pie y agradezco la solidaridad del Gobierno Federal que ha hecho que Oaxaca se levante y a usted se\u00f1or presidente, quiero agradecerle su presencia, especialmente a la Defensa Nacional, desde los primeros minutos estuvo aqu\u00ed y a la marina por todo su apoyo. En la memoria hist\u00f3rica, pero principalmente en la de las y los oaxaque\u00f1os habr\u00e1 una imagen de un soldado, de un marino o tambi\u00e9n de la Fuerza A\u00e9rea, levantando escombro, d\u00e1ndonos de comer, o apoyando c\u00e1lidamente a las familias oaxaque\u00f1as\u201d, expres\u00f3.<\/p>\n\n\n\n<p>Tambi\u00e9n agradeci\u00f3 a los Mandatarios Estatales de Guerrero, Tamaulipas, Estado de M\u00e9xico y a la Jefa de Gobierno de la Ciudad de M\u00e9xico, as\u00ed como empresas privadas que han apoyado a las comunidades desbastadas por el paso de \u00c1gatha.<\/p>\n\n\n\n<p>Inform\u00f3 que se contin\u00faa en esta zona en etapa de emergencia, el restablecimiento de la red federal carretera, adem\u00e1s de la luz el\u00e9ctrica en su totalidad, y que se iniciaron los censos que atender\u00e1n m\u00e1s de 28 mil viviendas afectadas y las 191 escuelas que presentan da\u00f1os. En cuanto a Salud, report\u00f3 que no se presenta connato de epidemia de ning\u00fan tipo.<\/p>\n\n\n\n<p>Dijo que tambi\u00e9n que se estar\u00e1 apoyando a quienes perdieron sus cosechas y se atender\u00e1n las m\u00e1s de 500 mil hect\u00e1reas que han sido afectadas de caf\u00e9, guan\u00e1bana, papaya y cacao; as\u00ed como al sector comercial y tur\u00edstico de esta zona.<\/p>\n\n\n\n<figure class=\"wp-block-embed is-type-rich is-provider-twitter wp-block-embed-twitter\"><div class=\"wp-block-embed__wrapper\">\n<div class=\"twitter-tweet\"><blockquote class=\"twitter-tweet\" data-lang=\"es\"><p lang=\"es\" dir=\"ltr\"><a href=\"https:\/\/twitter.com\/hashtag\/%C3%9AltimoMinuto?src=hash&amp;ref_src=twsrc%5Etfw\">#\u00daltimoMinuto<\/a><br>2. La bienvenida al mandatario mexicano estuvo a cargo del gobernador de <a href=\"https:\/\/twitter.com\/hashtag\/Oaxaca?src=hash&amp;ref_src=twsrc%5Etfw\">#Oaxaca<\/a>, <a href=\"https:\/\/twitter.com\/alejandromurat?ref_src=twsrc%5Etfw\">@alejandromurat<\/a>, quien agradeci\u00f3 el respaldo presidencial para los damnificados. <a href=\"https:\/\/t.co\/DSf7cYHm2C\">pic.twitter.com\/DSf7cYHm2C<\/a><\/p>&mdash; Zona Roja Oaxaca (@ZonaRoja_Oaxaca) <a href=\"https:\/\/twitter.com\/ZonaRoja_Oaxaca\/status\/1535243696840617984?ref_src=twsrc%5Etfw\">10 de junio de 2022<\/a><\/blockquote><\/div>\n<\/div><\/figure>\n","protected":false},"excerpt":{"rendered":"<p>Redacci\u00f3n\/Zona Roja. Oaxaca de Ju\u00e1rez, Oax., a 10 de junio de 2022.- En el marco&hellip;<\/p>\n","protected":false},"author":2,"featured_media":42231,"comment_status":"closed","ping_status":"open","sticky":false,"template":"","format":"standard","meta":{"_lmt_disableupdate":"","_lmt_disable":"","_jetpack_memberships_contains_paid_content":false,"footnotes":""},"categories":[109,46],"tags":[173],"class_list":["post-42230","post","type-post","status-publish","format-standard","has-post-thumbnail","hentry","category-minuto-a-minuto","category-zona-blanca","tag-alejandro-murat-hinojosa"],"jetpack_featured_media_url":"https:\/\/zonaroja.com.mx\/wp-content\/uploads\/2022\/06\/Alejandro-Murat-y-Lopez-Obrador-Huatulco-mananera.jpg","jetpack_sharing_enabled":true,"_links":{"self":[{"href":"https:\/\/zonaroja.com.mx\/index.php?rest_route=\/wp\/v2\/posts\/42230","targetHints":{"allow":["GET"]}}],"collection":[{"href":"https:\/\/zonaroja.com.mx\/index.php?rest_route=\/wp\/v2\/posts"}],"about":[{"href":"https:\/\/zonaroja.com.mx\/index.php?rest_route=\/wp\/v2\/types\/post"}],"author":[{"embeddable":true,"href":"https:\/\/zonaroja.com.mx\/index.php?rest_route=\/wp\/v2\/users\/2"}],"replies":[{"embeddable":true,"href":"https:\/\/zonaroja.com.mx\/index.php?rest_route=%2Fwp%2Fv2%2Fcomments&post=42230"}],"version-history":[{"count":1,"href":"https:\/\/zonaroja.com.mx\/index.php?rest_route=\/wp\/v2\/posts\/42230\/revisions"}],"predecessor-version":[{"id":42232,"href":"https:\/\/zonaroja.com.mx\/index.php?rest_route=\/wp\/v2\/posts\/42230\/revisions\/42232"}],"wp:featuredmedia":[{"embeddable":true,"href":"https:\/\/zonaroja.com.mx\/index.php?rest_route=\/wp\/v2\/media\/42231"}],"wp:attachment":[{"href":"https:\/\/zonaroja.com.mx\/index.php?rest_route=%2Fwp%2Fv2%2Fmedia&parent=42230"}],"wp:term":[{"taxonomy":"category","embeddable":true,"href":"https:\/\/zonaroja.com.mx\/index.php?rest_route=%2Fwp%2Fv2%2Fcategories&post=42230"},{"taxonomy":"post_tag","embeddable":true,"href":"https:\/\/zonaroja.com.mx\/index.php?rest_route=%2Fwp%2Fv2%2Ftags&post=42230"}],"curies":[{"name":"wp","href":"https:\/\/api.w.org\/{rel}","templated":true}]}}