{"id":42236,"date":"2022-06-10T19:43:27","date_gmt":"2022-06-11T00:43:27","guid":{"rendered":"http:\/\/www.zonaroja.com.mx\/?p=42236"},"modified":"2022-06-10T19:43:29","modified_gmt":"2022-06-11T00:43:29","slug":"titularidad-en-cargo-de-la-fiscalia-de-oaxaca-es-irrenunciable-peimbert","status":"publish","type":"post","link":"https:\/\/zonaroja.com.mx\/?p=42236","title":{"rendered":"Titularidad en cargo de la Fiscal\u00eda de Oaxaca es irrenunciable: Peimbert"},"content":{"rendered":"\n<p>Yuridiana Sosa\/Zona Roja<\/p>\n\n\n\n<p>Oaxaca de Ju\u00e1rez, Oax., 10 de junio de 2022.- El titular de la Fiscal\u00eda General de Oaxaca, Arturo Peimbert Calvo, asever\u00f3 que continuar\u00e1 en su cargo pese al cambio de gobierno de la administraci\u00f3n estatal, pues as\u00ed lo establece la Constituci\u00f3n del Estado, por lo que neg\u00f3 la posibilidad de una renuncia.<\/p>\n\n\n\n<p>En entrevista radiof\u00f3nica con el periodista Humberto Cruz Mat\u00edas, el fiscal desminti\u00f3 los rumores que circularon en redes sociales sobre sus supuestos deseos de dejar el cargo al frente de la Fiscal\u00eda de Oaxaca.<\/p>\n\n\n\n<p>\u201cNiego rotundamente que yo tenga cualquier tipo de voluntad de renunciar a un cargo irrenunciable\u201d, afirm\u00f3 Peimbert Calvo, quien agreg\u00f3 que a\u00fan le restan ocho a\u00f1os m\u00e1s en esa labor.<\/p>\n\n\n\n<p>Aclar\u00f3 que dichos per\u00edodos al frente de la Fiscal\u00eda es un mandato establecido en la Constituci\u00f3n para garantizar que en los cambios de gobierno no existan va y vienes en la procuraci\u00f3n de justicia y se garantice la autonom\u00eda de la instituci\u00f3n.<\/p>\n\n\n\n<p>\u201cNo es un escenario que yo observe, niego que vaya a renunciar\u201d, sostuvo el fiscal v\u00eda telef\u00f3nica desde el municipio de Huatulco, donde particip\u00f3 en la Mesa de Seguridad Nacional que se llev\u00f3 a cabo en ese lugar con motivo de la gira del presidente Andr\u00e9s Manuel L\u00f3pez Obrador a Oaxaca.<\/p>\n\n\n\n<p>Respecto al relevo del mandatario estatal, Peimbert Calvo expres\u00f3 que la Fiscal\u00eda seguir\u00e1 trabajando con autonom\u00eda, pero estar\u00e1n pendientes del cambio de gobierno.<\/p>\n\n\n\n<p>Arturo Peimbert manifest\u00f3 su respeto y reconocimiento al candidato electo, Salom\u00f3n Jara Cruz, de quien conoce su trayectoria y compromiso en t\u00e9rminos de justicia y \u201cvamos a acompa\u00f1ar este proceso del cambio democr\u00e1tico\u201d.<\/p>\n","protected":false},"excerpt":{"rendered":"<p>Yuridiana Sosa\/Zona Roja Oaxaca de Ju\u00e1rez, Oax., 10 de junio de 2022.- El titular de&hellip;<\/p>\n","protected":false},"author":2,"featured_media":40606,"comment_status":"closed","ping_status":"open","sticky":false,"template":"","format":"standard","meta":{"_lmt_disableupdate":"","_lmt_disable":"","_jetpack_memberships_contains_paid_content":false,"footnotes":""},"categories":[109,46],"tags":[2532],"class_list":["post-42236","post","type-post","status-publish","format-standard","has-post-thumbnail","hentry","category-minuto-a-minuto","category-zona-blanca","tag-arturo-peimbert-calvo"],"jetpack_featured_media_url":"https:\/\/zonaroja.com.mx\/wp-content\/uploads\/2022\/04\/Arturo-Peimbert.jpg","jetpack_sharing_enabled":true,"_links":{"self":[{"href":"https:\/\/zonaroja.com.mx\/index.php?rest_route=\/wp\/v2\/posts\/42236","targetHints":{"allow":["GET"]}}],"collection":[{"href":"https:\/\/zonaroja.com.mx\/index.php?rest_route=\/wp\/v2\/posts"}],"about":[{"href":"https:\/\/zonaroja.com.mx\/index.php?rest_route=\/wp\/v2\/types\/post"}],"author":[{"embeddable":true,"href":"https:\/\/zonaroja.com.mx\/index.php?rest_route=\/wp\/v2\/users\/2"}],"replies":[{"embeddable":true,"href":"https:\/\/zonaroja.com.mx\/index.php?rest_route=%2Fwp%2Fv2%2Fcomments&post=42236"}],"version-history":[{"count":1,"href":"https:\/\/zonaroja.com.mx\/index.php?rest_route=\/wp\/v2\/posts\/42236\/revisions"}],"predecessor-version":[{"id":42237,"href":"https:\/\/zonaroja.com.mx\/index.php?rest_route=\/wp\/v2\/posts\/42236\/revisions\/42237"}],"wp:featuredmedia":[{"embeddable":true,"href":"https:\/\/zonaroja.com.mx\/index.php?rest_route=\/wp\/v2\/media\/40606"}],"wp:attachment":[{"href":"https:\/\/zonaroja.com.mx\/index.php?rest_route=%2Fwp%2Fv2%2Fmedia&parent=42236"}],"wp:term":[{"taxonomy":"category","embeddable":true,"href":"https:\/\/zonaroja.com.mx\/index.php?rest_route=%2Fwp%2Fv2%2Fcategories&post=42236"},{"taxonomy":"post_tag","embeddable":true,"href":"https:\/\/zonaroja.com.mx\/index.php?rest_route=%2Fwp%2Fv2%2Ftags&post=42236"}],"curies":[{"name":"wp","href":"https:\/\/api.w.org\/{rel}","templated":true}]}}