{"id":42241,"date":"2022-06-10T22:37:33","date_gmt":"2022-06-11T03:37:33","guid":{"rendered":"http:\/\/www.zonaroja.com.mx\/?p=42241"},"modified":"2022-06-10T22:37:35","modified_gmt":"2022-06-11T03:37:35","slug":"creciente-e-impune-ola-de-asaltos-en-la-ciudad-de-oaxaca","status":"publish","type":"post","link":"https:\/\/zonaroja.com.mx\/?p=42241","title":{"rendered":"Creciente e impune ola de asaltos en la ciudad de Oaxaca"},"content":{"rendered":"\n<p>Ismael Garc\u00eda M.\/Zona Roja.<\/p>\n\n\n\n<p>Oaxaca de Ju\u00e1rez, Oax., 10 de junio de 2022.- El joven Bruno B. C. R. caminaba tranquilamente por el callej\u00f3n Rufino Tamayo del otrora pac\u00edfico barrio de Xochimilco, uno de los m\u00e1s antiguos y tradicionales de la ciudad de Oaxaca.<\/p>\n\n\n\n<p>Era una agradable ma\u00f1ana del mi\u00e9rcoles pasado, a eso de las 09:45 horas. Pero de repente fue alcanzado por&nbsp; sujetos a bordo de una motocicleta azul, uno con con casco y otro con gorra.<\/p>\n\n\n\n<p>Bruno revisaba su celular sin preocupaciones, cuando uno de ellos se baj\u00f3 de inmediato, pistola en mano, le pidi\u00f3 el celular; el joven alcanz\u00f3 a lanzarlo a un lado de un coche, tras el cual corri\u00f3 el ladr\u00f3n; de inmediato los dos huyeron.&nbsp;<\/p>\n\n\n\n<p>No hubo detenidos, ni polic\u00edas en la zona, pese a que de manera constante los vecinos del barrio, donde se localizan los antiguos arquitos, han pedido mayor seguridad.<\/p>\n\n\n\n<figure class=\"wp-block-embed is-type-rich is-provider-twitter wp-block-embed-twitter\"><div class=\"wp-block-embed__wrapper\">\n<div class=\"twitter-tweet\"><blockquote class=\"twitter-tweet\" data-lang=\"es\"><p lang=\"es\" dir=\"ltr\"><a href=\"https:\/\/twitter.com\/hashtag\/%C3%9AltimoMinuto?src=hash&amp;ref_src=twsrc%5Etfw\">#\u00daltimoMinuto<\/a> <br>Y sigue la ola de inseguridad en la ciudad de <a href=\"https:\/\/twitter.com\/hashtag\/Oaxaca?src=hash&amp;ref_src=twsrc%5Etfw\">#Oaxaca<\/a>. <br>As\u00ed asaltaron a un joven en calles del tradicional barrio de Xochimilco. <a href=\"https:\/\/t.co\/6PU6hpn31e\">pic.twitter.com\/6PU6hpn31e<\/a><\/p>&mdash; Zona Roja Oaxaca (@ZonaRoja_Oaxaca) <a href=\"https:\/\/twitter.com\/ZonaRoja_Oaxaca\/status\/1535080363239690241?ref_src=twsrc%5Etfw\">10 de junio de 2022<\/a><\/blockquote><\/div>\n<\/div><\/figure>\n\n\n\n<p>Y este viernes, un hecho similar, casi a la misma hora, y al parecer con los mismos asaltantes.<\/p>\n\n\n\n<p>Comensales disfrutaban de su desayuno en alrededor de las 10:37 horas, de acuerdo con la c\u00e1mara de videovigilancia, en el restaurante \u201cFagioli\u201d, ubicado en la prolongaci\u00f3n de calzada de la Rep\u00fablica casi esquina con Perif\u00e9rico.&nbsp;<\/p>\n\n\n\n<p>Cuando ingresaron dos sujetos armados, uno tambi\u00e9n con casco rojo y otro con gorra.<\/p>\n\n\n\n<p>De inmediato uno de ellos desenfund\u00f3 pistola y ambos recorrieron varias mesas para pedir dinero, carteras y celulares; a una joven le arrebatan en una mesa su aparato.<\/p>\n\n\n\n<p>En otro espacio estaban dos mujeres y una menor de edad, pero eso no import\u00f3 a los ladrones, que arrebataron bolso y lo que vieron, tras lo cual huyeron.<\/p>\n\n\n\n<p>Ning\u00fan polic\u00eda estaba en la zona, pese a ser un \u00e1rea de alta afluencia de personas y veh\u00edculos; elementos del ayuntamiento de Oaxaca de Ju\u00e1rez llegaron varios minutos despu\u00e9s\u2026 pero s\u00f3lo a tomar nota del asalto y tras lo cual se retiraron.<\/p>\n\n\n\n<figure class=\"wp-block-embed is-type-rich is-provider-twitter wp-block-embed-twitter\"><div class=\"wp-block-embed__wrapper\">\n<div class=\"twitter-tweet\"><blockquote class=\"twitter-tweet\" data-lang=\"es\"><p lang=\"es\" dir=\"ltr\"><a href=\"https:\/\/twitter.com\/hashtag\/OaxacaGris?src=hash&amp;ref_src=twsrc%5Etfw\">#OaxacaGris<\/a><br>Seis meses de fracaso del titular del <a href=\"https:\/\/twitter.com\/MunicipioSeguro?ref_src=twsrc%5Etfw\">@MunicipioSeguro<\/a>, Ra\u00fal \u00c1vila Ibarra:<br>Sujetos armados asaltaron hoy el restaurante \u201cFagioli\u201d, en prolongaci\u00f3n de calzada de la Rep\u00fablica, ciudad de <a href=\"https:\/\/twitter.com\/hashtag\/Oaxaca?src=hash&amp;ref_src=twsrc%5Etfw\">#Oaxaca<\/a>.<br>Al parecer son los mismos que ayer atracaron a persona en Xochimilco. <a href=\"https:\/\/t.co\/sUgq4nK2B0\">pic.twitter.com\/sUgq4nK2B0<\/a><\/p>&mdash; Zona Roja Oaxaca (@ZonaRoja_Oaxaca) <a href=\"https:\/\/twitter.com\/ZonaRoja_Oaxaca\/status\/1535343061160558592?ref_src=twsrc%5Etfw\">10 de junio de 2022<\/a><\/blockquote><\/div>\n<\/div><\/figure>\n","protected":false},"excerpt":{"rendered":"<p>Ismael Garc\u00eda M.\/Zona Roja. Oaxaca de Ju\u00e1rez, Oax., 10 de junio de 2022.- El joven&hellip;<\/p>\n","protected":false},"author":2,"featured_media":42242,"comment_status":"closed","ping_status":"open","sticky":false,"template":"","format":"standard","meta":{"_lmt_disableupdate":"","_lmt_disable":"","_jetpack_memberships_contains_paid_content":false,"footnotes":""},"categories":[109,47],"tags":[148],"class_list":["post-42241","post","type-post","status-publish","format-standard","has-post-thumbnail","hentry","category-minuto-a-minuto","category-zona-gris","tag-oaxaca-de-juarez"],"jetpack_featured_media_url":"https:\/\/zonaroja.com.mx\/wp-content\/uploads\/2022\/06\/asaltos-ciudad-de-Oaxaca.jpg","jetpack_sharing_enabled":true,"_links":{"self":[{"href":"https:\/\/zonaroja.com.mx\/index.php?rest_route=\/wp\/v2\/posts\/42241","targetHints":{"allow":["GET"]}}],"collection":[{"href":"https:\/\/zonaroja.com.mx\/index.php?rest_route=\/wp\/v2\/posts"}],"about":[{"href":"https:\/\/zonaroja.com.mx\/index.php?rest_route=\/wp\/v2\/types\/post"}],"author":[{"embeddable":true,"href":"https:\/\/zonaroja.com.mx\/index.php?rest_route=\/wp\/v2\/users\/2"}],"replies":[{"embeddable":true,"href":"https:\/\/zonaroja.com.mx\/index.php?rest_route=%2Fwp%2Fv2%2Fcomments&post=42241"}],"version-history":[{"count":1,"href":"https:\/\/zonaroja.com.mx\/index.php?rest_route=\/wp\/v2\/posts\/42241\/revisions"}],"predecessor-version":[{"id":42243,"href":"https:\/\/zonaroja.com.mx\/index.php?rest_route=\/wp\/v2\/posts\/42241\/revisions\/42243"}],"wp:featuredmedia":[{"embeddable":true,"href":"https:\/\/zonaroja.com.mx\/index.php?rest_route=\/wp\/v2\/media\/42242"}],"wp:attachment":[{"href":"https:\/\/zonaroja.com.mx\/index.php?rest_route=%2Fwp%2Fv2%2Fmedia&parent=42241"}],"wp:term":[{"taxonomy":"category","embeddable":true,"href":"https:\/\/zonaroja.com.mx\/index.php?rest_route=%2Fwp%2Fv2%2Fcategories&post=42241"},{"taxonomy":"post_tag","embeddable":true,"href":"https:\/\/zonaroja.com.mx\/index.php?rest_route=%2Fwp%2Fv2%2Ftags&post=42241"}],"curies":[{"name":"wp","href":"https:\/\/api.w.org\/{rel}","templated":true}]}}