{"id":42247,"date":"2022-06-11T06:58:18","date_gmt":"2022-06-11T11:58:18","guid":{"rendered":"http:\/\/www.zonaroja.com.mx\/?p=42247"},"modified":"2022-06-11T06:58:20","modified_gmt":"2022-06-11T11:58:20","slug":"concluyen-profesionistas-de-seis-estados-diplomado-organizado-por-el-poder-judicial","status":"publish","type":"post","link":"https:\/\/zonaroja.com.mx\/?p=42247","title":{"rendered":"Concluyen profesionistas de seis estados diplomado organizado por el Poder Judicial"},"content":{"rendered":"\n<p>Redacci\u00f3n\/Zona Roja.<\/p>\n\n\n\n<p>Oaxaca de Ju\u00e1rez, Oax., 11 de junio de 2022.- Al realizar la declaratoria de clausura del&nbsp;Diplomado \u201cEl ABC de la mediaci\u00f3n\u201d,&nbsp;organizado como parte&nbsp;del 20 Aniversario del&nbsp;Centro de Justicia Alternativa y que se implement\u00f3 en coordinaci\u00f3n con la Escuela Judicial&nbsp;con&nbsp;apoyo de la Asociaci\u00f3n para la Resoluci\u00f3n de Conflictos,&nbsp;ARCO,&nbsp;A. C.,&nbsp;el titular del Poder Judicial del Estado, magistrado Eduardo Pinacho S\u00e1nchez, reconoci\u00f3 el inter\u00e9s de las y los participantes por&nbsp;actualizarse en esta materia&nbsp;y aportar a la cultura de la paz.&nbsp;<\/p>\n\n\n\n<p>En la ceremonia, efectuada mediante&nbsp;videoconferencia, felicit\u00f3 a las y los profesionistas,&nbsp;entre ellos&nbsp;servidores p\u00fablicos judiciales,&nbsp;notarios, abogados, psic\u00f3logos, trabajadores sociales y de otras actividades&nbsp;de los estados de Oaxaca, Quintana Roo, Ciudad de M\u00e9xico, Hidalgo, Nuevo Le\u00f3n y Michoac\u00e1n,&nbsp;por sus esfuerzos para concluir esta&nbsp;formaci\u00f3n especializada.<\/p>\n\n\n\n<p>Acompa\u00f1ado por&nbsp;el magistrado \u00c1ngel Alejo Torres y&nbsp;los directores del&nbsp;Centro de Justicia Alternativa,&nbsp;Betzzaida&nbsp;Cruz Mendoza&nbsp;y de la Escuela Judicial,&nbsp;H\u00e9ctor Humberto V\u00e1squez Quevedo,&nbsp;refrend\u00f3 el compromiso de su administraci\u00f3n con el desarrollo de la justicia alternativa, tema en el cual hace dos d\u00e9cadas nuestro estado fue pionero al impulsar la mediaci\u00f3n como herramienta para fomentar en la sociedad una transformaci\u00f3n hacia la cultura de la paz, el di\u00e1logo y la conciliaci\u00f3n.<\/p>\n\n\n\n<p>Por su parte, el&nbsp;fundador de la Asociaci\u00f3n para la Resoluci\u00f3n de Conflictos, doctor Rafael&nbsp;Lobo&nbsp;Niembro,&nbsp;explic\u00f3 que en el marco del convenio de colaboraci\u00f3n formalizado entre ambas instituciones se realizan diferentes actividades&nbsp;en una&nbsp;suma de esfuerzos que contribuya a que la sociedad tenga&nbsp;mejor acceso a la justicia y&nbsp;mayores alternativas para solucionar controversias.<\/p>\n\n\n\n<p>El Diplomado \u201cEl ABC de la mediaci\u00f3n\u201d, con valor curricular, se imparti\u00f3 en la modalidad en l\u00ednea del 22&nbsp;de abril al 28 de mayo pasado con la colaboraci\u00f3n de siete docentes que en conjunto suman 145 a\u00f1os de experiencia en la pr\u00e1ctica,&nbsp;quienes actualizaron a las y los participantes en&nbsp;habilidades para resolver conflictos&nbsp;y&nbsp;el ejercicio de la mediaci\u00f3n.<\/p>\n","protected":false},"excerpt":{"rendered":"<p>Redacci\u00f3n\/Zona Roja. Oaxaca de Ju\u00e1rez, Oax., 11 de junio de 2022.- Al realizar la declaratoria&hellip;<\/p>\n","protected":false},"author":2,"featured_media":22137,"comment_status":"closed","ping_status":"open","sticky":false,"template":"","format":"standard","meta":{"_lmt_disableupdate":"","_lmt_disable":"","_jetpack_memberships_contains_paid_content":false,"footnotes":""},"categories":[109,46],"tags":[223],"class_list":["post-42247","post","type-post","status-publish","format-standard","has-post-thumbnail","hentry","category-minuto-a-minuto","category-zona-blanca","tag-poder-judicial-de-oaxaca"],"jetpack_featured_media_url":"https:\/\/zonaroja.com.mx\/wp-content\/uploads\/2021\/01\/Eduardo-Pinacho-Sanchez.jpg","jetpack_sharing_enabled":true,"_links":{"self":[{"href":"https:\/\/zonaroja.com.mx\/index.php?rest_route=\/wp\/v2\/posts\/42247","targetHints":{"allow":["GET"]}}],"collection":[{"href":"https:\/\/zonaroja.com.mx\/index.php?rest_route=\/wp\/v2\/posts"}],"about":[{"href":"https:\/\/zonaroja.com.mx\/index.php?rest_route=\/wp\/v2\/types\/post"}],"author":[{"embeddable":true,"href":"https:\/\/zonaroja.com.mx\/index.php?rest_route=\/wp\/v2\/users\/2"}],"replies":[{"embeddable":true,"href":"https:\/\/zonaroja.com.mx\/index.php?rest_route=%2Fwp%2Fv2%2Fcomments&post=42247"}],"version-history":[{"count":1,"href":"https:\/\/zonaroja.com.mx\/index.php?rest_route=\/wp\/v2\/posts\/42247\/revisions"}],"predecessor-version":[{"id":42248,"href":"https:\/\/zonaroja.com.mx\/index.php?rest_route=\/wp\/v2\/posts\/42247\/revisions\/42248"}],"wp:featuredmedia":[{"embeddable":true,"href":"https:\/\/zonaroja.com.mx\/index.php?rest_route=\/wp\/v2\/media\/22137"}],"wp:attachment":[{"href":"https:\/\/zonaroja.com.mx\/index.php?rest_route=%2Fwp%2Fv2%2Fmedia&parent=42247"}],"wp:term":[{"taxonomy":"category","embeddable":true,"href":"https:\/\/zonaroja.com.mx\/index.php?rest_route=%2Fwp%2Fv2%2Fcategories&post=42247"},{"taxonomy":"post_tag","embeddable":true,"href":"https:\/\/zonaroja.com.mx\/index.php?rest_route=%2Fwp%2Fv2%2Ftags&post=42247"}],"curies":[{"name":"wp","href":"https:\/\/api.w.org\/{rel}","templated":true}]}}