{"id":42259,"date":"2022-06-11T10:43:00","date_gmt":"2022-06-11T15:43:00","guid":{"rendered":"http:\/\/www.zonaroja.com.mx\/?p=42259"},"modified":"2022-06-11T07:44:48","modified_gmt":"2022-06-11T12:44:48","slug":"promueven-amparo-para-obligar-a-las-autoridades-a-proteger-arboles-historicos-de-oaxaca","status":"publish","type":"post","link":"https:\/\/zonaroja.com.mx\/?p=42259","title":{"rendered":"Promueven amparo para obligar a las autoridades a proteger \u00e1rboles hist\u00f3ricos de Oaxaca"},"content":{"rendered":"\n<p>Redacci\u00f3n\/Estado 20.<\/p>\n\n\n\n<p>Oaxaca de Ju\u00e1rez, Oax., a 11 de junio de 2022.- \u201cLa sociedad Oaxaque\u00f1a se encuentra afligida por los acontecimientos que se han venido suscitando respecto a los \u00e1rboles hist\u00f3ricos de la capital Oaxaque\u00f1a. Se est\u00e1n viniendo abajo con las lluvias de los \u00faltimos d\u00edas.<\/p>\n\n\n\n<p>\u201cLa intensa lluvia derrib\u00f3 el hermoso laurel del z\u00f3calo de la bella ciudad de Oaxaca, entre reclamos e inconformidad por parte de la ciudadan\u00eda, quienes refieren que los \u00e1rboles se est\u00e1n viniendo abajo por la falta de cuidados de las autoridades federales, estatales y municipales. Pero no es un caso aislado\u201d, expresa la organizaci\u00f3n Litigio Estrat\u00e9gico Ind\u00edgena.<\/p>\n\n\n\n<p>El 8 de agosto de 2021, el majestuoso higo de la calzada de la Rep\u00fablica colaps\u00f3. Su historia estaba ligada a Guadalupe Victoria, primer presidente de M\u00e9xico, quien lo sembr\u00f3 en 1812.<\/p>\n\n\n\n<p>El 7 de abril de este a\u00f1o, el bello fresno del Llano de Guadalupe, de 210 a\u00f1os de antig\u00fcedad, cay\u00f3. El valor no s\u00f3lo es ambiental tambi\u00e9n hist\u00f3rico, fue sembrado por el padre Morelos y Pav\u00f3n, tras la victoria en Oaxaca. El maestro Francisco Toledo don\u00f3 una reja para su protecci\u00f3n.<\/p>\n\n\n\n<p>El \u00faltimo caso ha consternado a la ciudadan\u00eda oaxaque\u00f1a. Ocurri\u00f3 en el Z\u00f3calo de la ciudad, un hermoso laurel que fue testigo por 130 a\u00f1os de la vida de los Oaxaque\u00f1os, esta tragedia se registr\u00f3 el d\u00eda 7 de junio del presente a\u00f1o. Tambi\u00e9n cayeron arboles del jard\u00edn Morelos y varios m\u00e1s.<\/p>\n\n\n\n<p>Ante esto el Litigio Estrat\u00e9gico Ind\u00edgena A.C. ha decidido no quedarse pasivo ni callado, por tal motivo promovi\u00f3 un Juicio de Amparo, para exigir que tomen medidas preventivas como medida para la protecci\u00f3n de los derechos del medio ambiente, el juicio de amparo fue presentado por Edgar Aldair P\u00e9rez Ortiz, Premio Nacional de la Juventud e integrante de Litigio Estrat\u00e9gico Ind\u00edgena A.C.<\/p>\n\n\n\n<p>El prop\u00f3sito de presentar el Juicio de Amparo, es con la finalidad de obligar a las autoridades federales, estatales y municipales para que preserven el patrimonio Biocultural del Centro de Oaxaca.<\/p>\n\n\n\n<p>Al ser entrevistado, el maestro Carlos Morales S\u00e1nchez, abogado de Litigio Estrat\u00e9gico Ind\u00edgena A.C., indic\u00f3 que es necesario que la ciudadan\u00eda participe de manera activa y decidida para que la intervenci\u00f3n de las autoridades sea de utilidad.&nbsp;<\/p>\n\n\n\n<p>\u201cEs necesario indic\u00f3 hacer litigio para la protecci\u00f3n del medio ambiente\u201d refiri\u00f3 el tambi\u00e9n promotor del juicio de amparo que ordena el rescate de los r\u00edos \u201cSalado\u201d y \u201cAtoyac\u201d en Oaxaca.<\/p>\n","protected":false},"excerpt":{"rendered":"<p>Redacci\u00f3n\/Estado 20. Oaxaca de Ju\u00e1rez, Oax., a 11 de junio de 2022.- \u201cLa sociedad Oaxaque\u00f1a&hellip;<\/p>\n","protected":false},"author":2,"featured_media":17648,"comment_status":"closed","ping_status":"open","sticky":false,"template":"","format":"standard","meta":{"_lmt_disableupdate":"","_lmt_disable":"","_jetpack_memberships_contains_paid_content":false,"footnotes":""},"categories":[109,46],"tags":[],"class_list":["post-42259","post","type-post","status-publish","format-standard","has-post-thumbnail","hentry","category-minuto-a-minuto","category-zona-blanca"],"jetpack_featured_media_url":"https:\/\/zonaroja.com.mx\/wp-content\/uploads\/2020\/09\/Laurel-zocalo-Oaxaca.jpg","jetpack_sharing_enabled":true,"_links":{"self":[{"href":"https:\/\/zonaroja.com.mx\/index.php?rest_route=\/wp\/v2\/posts\/42259","targetHints":{"allow":["GET"]}}],"collection":[{"href":"https:\/\/zonaroja.com.mx\/index.php?rest_route=\/wp\/v2\/posts"}],"about":[{"href":"https:\/\/zonaroja.com.mx\/index.php?rest_route=\/wp\/v2\/types\/post"}],"author":[{"embeddable":true,"href":"https:\/\/zonaroja.com.mx\/index.php?rest_route=\/wp\/v2\/users\/2"}],"replies":[{"embeddable":true,"href":"https:\/\/zonaroja.com.mx\/index.php?rest_route=%2Fwp%2Fv2%2Fcomments&post=42259"}],"version-history":[{"count":1,"href":"https:\/\/zonaroja.com.mx\/index.php?rest_route=\/wp\/v2\/posts\/42259\/revisions"}],"predecessor-version":[{"id":42260,"href":"https:\/\/zonaroja.com.mx\/index.php?rest_route=\/wp\/v2\/posts\/42259\/revisions\/42260"}],"wp:featuredmedia":[{"embeddable":true,"href":"https:\/\/zonaroja.com.mx\/index.php?rest_route=\/wp\/v2\/media\/17648"}],"wp:attachment":[{"href":"https:\/\/zonaroja.com.mx\/index.php?rest_route=%2Fwp%2Fv2%2Fmedia&parent=42259"}],"wp:term":[{"taxonomy":"category","embeddable":true,"href":"https:\/\/zonaroja.com.mx\/index.php?rest_route=%2Fwp%2Fv2%2Fcategories&post=42259"},{"taxonomy":"post_tag","embeddable":true,"href":"https:\/\/zonaroja.com.mx\/index.php?rest_route=%2Fwp%2Fv2%2Ftags&post=42259"}],"curies":[{"name":"wp","href":"https:\/\/api.w.org\/{rel}","templated":true}]}}