{"id":42266,"date":"2022-06-11T08:01:27","date_gmt":"2022-06-11T13:01:27","guid":{"rendered":"http:\/\/www.zonaroja.com.mx\/?p=42266"},"modified":"2022-06-11T08:01:29","modified_gmt":"2022-06-11T13:01:29","slug":"organiza-cuerpo-de-bomberos-capacitacion-para-empresas","status":"publish","type":"post","link":"https:\/\/zonaroja.com.mx\/?p=42266","title":{"rendered":"Organiza Cuerpo de Bomberos capacitaci\u00f3n para empresas"},"content":{"rendered":"\n<p>Redacci\u00f3n\/Zona Roja.<\/p>\n\n\n\n<p>Oaxaca de Ju\u00e1rez, Oax., a 11 de junio de 2022.- El Heroico Cuerpo de Bomberos de Oaxaca organiza una actividad de demostraci\u00f3n de habilidades y convivencia de brigadas industriales 2022.<\/p>\n\n\n\n<p>En ello se han inscrito al momento 15 empresas y se espera que un mayor n\u00famero de ellas manifieste su inter\u00e9s en este tipo de capacitaci\u00f3n, inform\u00f3 el director de la corporaci\u00f3n, Manuel Maza S\u00e1nchez.<\/p>\n\n\n\n<p>En conferencia de prensa, acompa\u00f1ado del representante en Oaxaca de la Secretar\u00eda del Trabajo y Previsi\u00f3n Social, Gonzalo de Jes\u00fas Jaimes Morelos, detall\u00f3 que esta actividad se llevar\u00e1 a cabo el pr\u00f3ximo 24 de junio.<\/p>\n\n\n\n<p>El objetivo es promover que brigadas industriales de las empresas oaxaque\u00f1as demuestren sus habilidades para atender emergencias de contraincendios, rescate y primeros auxilios en un nivel b\u00e1sico, mediante el recorrido de una pista con obst\u00e1culos.<\/p>\n\n\n\n<p>Se efectuar\u00e1 en los campos de futbol de Ciudad Universitaria, en la capital oaxaque\u00f1a, y se permitir\u00e1 hasta cinco personas por brigada empresaria.<\/p>\n\n\n\n<p>Para ello deber\u00e1n portar casco con barbiquejo, gogles o gafas de seguridad, guantes de carnaza, botas de trabajo, de seguridad o equipo de protecci\u00f3n contra incendio.<\/p>\n\n\n\n<p>Maza S\u00e1nchez invit\u00f3 a las empresas, industriales, del ramo hotelero, restaurantero o de otro giro, a inscribirse, con la finalidad de que corroboren el grado de capacidad de respuesta ante una contingencia.<\/p>\n\n\n\n<p>Inform\u00f3 que previo a ello habr\u00e1 dos semanas de asesor\u00eda en temas de uso y manejo de extintores, tendido y enrollado de mangueras, arrastre y traslado de lesionado, entre otros.<\/p>\n","protected":false},"excerpt":{"rendered":"<p>Redacci\u00f3n\/Zona Roja. Oaxaca de Ju\u00e1rez, Oax., a 11 de junio de 2022.- El Heroico Cuerpo&hellip;<\/p>\n","protected":false},"author":2,"featured_media":42267,"comment_status":"closed","ping_status":"open","sticky":false,"template":"","format":"standard","meta":{"_lmt_disableupdate":"","_lmt_disable":"","_jetpack_memberships_contains_paid_content":false,"footnotes":""},"categories":[109,46],"tags":[1946],"class_list":["post-42266","post","type-post","status-publish","format-standard","has-post-thumbnail","hentry","category-minuto-a-minuto","category-zona-blanca","tag-heroico-cuerpo-de-bomberos-oaxaca"],"jetpack_featured_media_url":"https:\/\/zonaroja.com.mx\/wp-content\/uploads\/2022\/06\/Bomberos-conferencia-Maza-Sanche-1.jpg","jetpack_sharing_enabled":true,"_links":{"self":[{"href":"https:\/\/zonaroja.com.mx\/index.php?rest_route=\/wp\/v2\/posts\/42266","targetHints":{"allow":["GET"]}}],"collection":[{"href":"https:\/\/zonaroja.com.mx\/index.php?rest_route=\/wp\/v2\/posts"}],"about":[{"href":"https:\/\/zonaroja.com.mx\/index.php?rest_route=\/wp\/v2\/types\/post"}],"author":[{"embeddable":true,"href":"https:\/\/zonaroja.com.mx\/index.php?rest_route=\/wp\/v2\/users\/2"}],"replies":[{"embeddable":true,"href":"https:\/\/zonaroja.com.mx\/index.php?rest_route=%2Fwp%2Fv2%2Fcomments&post=42266"}],"version-history":[{"count":1,"href":"https:\/\/zonaroja.com.mx\/index.php?rest_route=\/wp\/v2\/posts\/42266\/revisions"}],"predecessor-version":[{"id":42268,"href":"https:\/\/zonaroja.com.mx\/index.php?rest_route=\/wp\/v2\/posts\/42266\/revisions\/42268"}],"wp:featuredmedia":[{"embeddable":true,"href":"https:\/\/zonaroja.com.mx\/index.php?rest_route=\/wp\/v2\/media\/42267"}],"wp:attachment":[{"href":"https:\/\/zonaroja.com.mx\/index.php?rest_route=%2Fwp%2Fv2%2Fmedia&parent=42266"}],"wp:term":[{"taxonomy":"category","embeddable":true,"href":"https:\/\/zonaroja.com.mx\/index.php?rest_route=%2Fwp%2Fv2%2Fcategories&post=42266"},{"taxonomy":"post_tag","embeddable":true,"href":"https:\/\/zonaroja.com.mx\/index.php?rest_route=%2Fwp%2Fv2%2Ftags&post=42266"}],"curies":[{"name":"wp","href":"https:\/\/api.w.org\/{rel}","templated":true}]}}