{"id":4227,"date":"2019-09-23T22:42:51","date_gmt":"2019-09-24T03:42:51","guid":{"rendered":"http:\/\/www.zonaroja.com.mx\/?p=4227"},"modified":"2019-09-23T22:42:53","modified_gmt":"2019-09-24T03:42:53","slug":"y-en-la-vida-que-es-lo-que-en-verdad-importa-lo-que-dicen-tres-personajes","status":"publish","type":"post","link":"https:\/\/zonaroja.com.mx\/?p=4227","title":{"rendered":"Y en la vida, \u00bfqu\u00e9 es lo que en verdad importa? Lo que dicen tres personajes"},"content":{"rendered":"\n<p>Ismael\nGarc\u00eda M.\/Zona Roja.<\/p>\n\n\n\n<p>Oaxaca de\nJu\u00e1rez, Oax., 23 de septiembre de 2019.- \u201cYo creo que lo que de verdad importa\nes el amor que pongas a cada una de las cosas y la misi\u00f3n de servir, aunque nos\nfalte la herramienta esencial, como los brazos, pero en la vida siempre habr\u00e1\nmil maneras de cumplir con nuestra misi\u00f3n de servir\u201d.<\/p>\n\n\n\n<p>Eso dice una\njoven mujer mexicana que naci\u00f3 sin brazos pero que ha utilizado las piernas y\nlos pies con extrema agilidad para suplir las extremidades superiores.<\/p>\n\n\n\n<p>Ella y dos\ndestacados ponentes m\u00e1s llegaron a Oaxaca para dar un mensaje motivacional a\nadolescentes y j\u00f3venes, este martes, invitados por la asociaci\u00f3n civil espa\u00f1ola\nsin fines de lucro \u201cLo que de verdad importa\u201d.<\/p>\n\n\n\n<p>En conferencia de prensa esta tarde de lunes, la organizaci\u00f3n dio a conocer las actividades que realiza alrededor del mundo para alentar a la juventud a tomar acciones positivas en la vida y no optar por el mundo de la violencia y las adicciones, seg\u00fan dijo la Pilar C\u00e1novas, la coordinadora de proyecto internacional.<\/p>\n\n\n\n<figure class=\"wp-block-embed-twitter wp-block-embed is-type-rich is-provider-twitter\"><div class=\"wp-block-embed__wrapper\">\n<div class=\"twitter-tweet\"><blockquote class=\"twitter-tweet\" data-lang=\"es\"><p lang=\"es\" dir=\"ltr\">Para usted, \u00bfqu\u00e9 es lo que en verdad importa en la vida? Escuche qu\u00e9 dicen estos personajes <a href=\"https:\/\/twitter.com\/sebasmarro?ref_src=twsrc%5Etfw\">@sebasmarro<\/a> (Juan Pablo Escobar), <a href=\"https:\/\/twitter.com\/adrianamacias_?ref_src=twsrc%5Etfw\">@adrianamacias_<\/a> y <a href=\"https:\/\/twitter.com\/lukangakye?ref_src=twsrc%5Etfw\">@lukangakye<\/a>, quienes se encuentran en Oaxaca para impartir conferencias, invitados por <a href=\"https:\/\/twitter.com\/LQDVI?ref_src=twsrc%5Etfw\">@LQDVI<\/a>: <a href=\"https:\/\/t.co\/2lYIi9N5Go\">pic.twitter.com\/2lYIi9N5Go<\/a><\/p>&mdash; Zona Roja Oaxaca (@MexRoja) <a href=\"https:\/\/twitter.com\/MexRoja\/status\/1176303846655610880?ref_src=twsrc%5Etfw\">24 de septiembre de 2019<\/a><\/blockquote><\/div>\n<\/div><\/figure>\n\n\n\n<p>\u201cPara m\u00ed, lo\nque de verdad importa es buscarle, a veces encontrando a veces no, un para qu\u00e9;\ntodo tiene un para qu\u00e9\u201d, dijo a su vez Kitimbwa Lukangakye, originario del\nCongo y radicado en M\u00e9xico, quien supo salir de la pobreza; se convirti\u00f3 del Islam\nal catolicismo, donde fue sacerdote y actualmente promueve mensajes de vida\nmotivacionales.<\/p>\n\n\n\n<p>En tanto,\npara el hijo del narcotraficante colombiano Pablo Escobar, esto es lo que\nimporta:<\/p>\n\n\n\n<p>\u201cCada uno lo\nsentimos, cada uno lo sabemos, sin que nadie nos lo diga qu\u00e9 es lo que est\u00e1\nbien, qu\u00e9 es lo que est\u00e1 mal; quiz\u00e1 lo que de verdad importa es no perder esa br\u00fajula,\nese sentido de respeto por los dem\u00e1s, de recuperar los valores, de hacernos\ncargo a veces lo que no nos debiera importar. As\u00ed creo que lo que verdad\nimporta es que personas como las que estamos aqu\u00ed, nos importen los dem\u00e1s\u201d,\ndijo Juan Pablo Escobar, hoy dedicado a dar mensajes de paz.<\/p>\n\n\n\n<p>Las conferencias\nse realizar\u00e1n este martes en el hotel Misi\u00f3n de los \u00c1ngeles de la ciudad de\nOaxaca y las actividades son apoyadas por el Colegio de Bachilleres de Oaxaca\n(Cobao).<\/p>\n","protected":false},"excerpt":{"rendered":"<p>Ismael Garc\u00eda M.\/Zona Roja. Oaxaca de Ju\u00e1rez, Oax., 23 de septiembre de 2019.- \u201cYo creo&hellip;<\/p>\n","protected":false},"author":2,"featured_media":4228,"comment_status":"closed","ping_status":"open","sticky":false,"template":"","format":"standard","meta":{"_lmt_disableupdate":"","_lmt_disable":"","_jetpack_memberships_contains_paid_content":false,"footnotes":""},"categories":[109,46],"tags":[757],"class_list":["post-4227","post","type-post","status-publish","format-standard","has-post-thumbnail","hentry","category-minuto-a-minuto","category-zona-blanca","tag-fundacion-lo-que-de-verdad-importa"],"jetpack_featured_media_url":"https:\/\/zonaroja.com.mx\/wp-content\/uploads\/2019\/09\/b33d0a06-d1a8-4b3d-8af6-81a3789fa0ac.jpg","jetpack_sharing_enabled":true,"_links":{"self":[{"href":"https:\/\/zonaroja.com.mx\/index.php?rest_route=\/wp\/v2\/posts\/4227","targetHints":{"allow":["GET"]}}],"collection":[{"href":"https:\/\/zonaroja.com.mx\/index.php?rest_route=\/wp\/v2\/posts"}],"about":[{"href":"https:\/\/zonaroja.com.mx\/index.php?rest_route=\/wp\/v2\/types\/post"}],"author":[{"embeddable":true,"href":"https:\/\/zonaroja.com.mx\/index.php?rest_route=\/wp\/v2\/users\/2"}],"replies":[{"embeddable":true,"href":"https:\/\/zonaroja.com.mx\/index.php?rest_route=%2Fwp%2Fv2%2Fcomments&post=4227"}],"version-history":[{"count":1,"href":"https:\/\/zonaroja.com.mx\/index.php?rest_route=\/wp\/v2\/posts\/4227\/revisions"}],"predecessor-version":[{"id":4229,"href":"https:\/\/zonaroja.com.mx\/index.php?rest_route=\/wp\/v2\/posts\/4227\/revisions\/4229"}],"wp:featuredmedia":[{"embeddable":true,"href":"https:\/\/zonaroja.com.mx\/index.php?rest_route=\/wp\/v2\/media\/4228"}],"wp:attachment":[{"href":"https:\/\/zonaroja.com.mx\/index.php?rest_route=%2Fwp%2Fv2%2Fmedia&parent=4227"}],"wp:term":[{"taxonomy":"category","embeddable":true,"href":"https:\/\/zonaroja.com.mx\/index.php?rest_route=%2Fwp%2Fv2%2Fcategories&post=4227"},{"taxonomy":"post_tag","embeddable":true,"href":"https:\/\/zonaroja.com.mx\/index.php?rest_route=%2Fwp%2Fv2%2Ftags&post=4227"}],"curies":[{"name":"wp","href":"https:\/\/api.w.org\/{rel}","templated":true}]}}