{"id":42271,"date":"2022-06-11T13:48:41","date_gmt":"2022-06-11T18:48:41","guid":{"rendered":"https:\/\/www.zonaroja.com.mx\/?p=42271"},"modified":"2022-06-11T13:51:43","modified_gmt":"2022-06-11T18:51:43","slug":"asesina-grupo-armado-a-dos-elementos-de-la-policia-auxiliar-en-oaxaca","status":"publish","type":"post","link":"https:\/\/zonaroja.com.mx\/?p=42271","title":{"rendered":"Asesina grupo armado a dos elementos de la Polic\u00eda Auxiliar en Oaxaca"},"content":{"rendered":"\n<p>Redacci\u00f3n\/Zona Roja.&nbsp;<\/p>\n\n\n\n<p>Oaxaca de Ju\u00e1rez, Oax. 11 de junio de 2022.- Dos elementos de la&nbsp;Polic\u00eda Auxiliar, Bancaria Industrial y Comercial (PABIC) fueron asesinados por un grupo armado en San Pedro Tapanatepec, municipio de la regi\u00f3n del Istmo de Tehuantepec, Oaxaca.&nbsp;<\/p>\n\n\n\n<p>La Secretar\u00eda de Seguridad P\u00fablica de Oaxaca (SSPO), que encabeza Dalila Ba\u00f1os Noyola, confirm\u00f3 los hechos y lament\u00f3 el doble homicidio de los uniformados, mientras desempe\u00f1aban sus labores en una empresa privada.&nbsp;<\/p>\n\n\n\n<p>Los cr\u00edmenes se cometieron en la agencia de Santa In\u00e9s, aproximadamente a las 09:00 horas de este s\u00e1bado.&nbsp;<\/p>\n\n\n\n<p>En un comunicado, la&nbsp;SSPO inform\u00f3 que ha implementado un despliegue operativo en la regi\u00f3n para dar con los responsables; esto en coordinaci\u00f3n con las autoridades de los tres \u00f3rdenes de Gobierno: Polic\u00eda Estatal, Polic\u00eda Vial Estatal, PABIC, Guardia Nacional (GN) y Agencia Estatal de Investigaci\u00f3n (AEI).<\/p>\n\n\n\n<p>\u201cAl mismo tiempo, la dependencia condena los hechos ocurridos y refrenda su compromiso con la seguridad p\u00fablica en el estado.<br \/>\u201cMientras tanto, la SSPO est\u00e1 brindando todo el apoyo para las familias de los polic\u00edas acaecidos\u201d, detall\u00f3. <\/p>\n\n\n\n<p>Las v\u00edctimas fueron identificadas como Gilberto Valdivieso S\u00e1nchez y Bernardo Blas Pineda. <\/p>\n\n\n\n<p>DOS M\u00c1S&nbsp;<\/p>\n\n\n\n<p>Por otra parte, la Fiscal\u00eda General del Estado de Oaxaca (FGEO) confirm\u00f3 el asesinato de otras dos personas en La localidad Llano Crucero, perteneciente al municipio de Santo Domingo Tepuxtepec.<\/p>\n\n\n\n<p>Sin precisar los hechos, inform\u00f3 que personal ministerial acudi\u00f3 a la zona para indagar los hechos y buscar a o a los probables responsables del doble homicidio. <\/p>\n","protected":false},"excerpt":{"rendered":"<p>Redacci\u00f3n\/Zona Roja.&nbsp; Oaxaca de Ju\u00e1rez, Oax. 11 de junio de 2022.- Dos elementos de la&nbsp;Polic\u00eda&hellip;<\/p>\n","protected":false},"author":2,"featured_media":19754,"comment_status":"closed","ping_status":"open","sticky":false,"template":"","format":"standard","meta":{"_lmt_disableupdate":"","_lmt_disable":"","_jetpack_memberships_contains_paid_content":false,"footnotes":""},"categories":[109,51],"tags":[],"class_list":["post-42271","post","type-post","status-publish","format-standard","has-post-thumbnail","hentry","category-minuto-a-minuto","category-zona-roja"],"jetpack_featured_media_url":"https:\/\/zonaroja.com.mx\/wp-content\/uploads\/2020\/11\/PABIC.jpg","jetpack_sharing_enabled":true,"_links":{"self":[{"href":"https:\/\/zonaroja.com.mx\/index.php?rest_route=\/wp\/v2\/posts\/42271","targetHints":{"allow":["GET"]}}],"collection":[{"href":"https:\/\/zonaroja.com.mx\/index.php?rest_route=\/wp\/v2\/posts"}],"about":[{"href":"https:\/\/zonaroja.com.mx\/index.php?rest_route=\/wp\/v2\/types\/post"}],"author":[{"embeddable":true,"href":"https:\/\/zonaroja.com.mx\/index.php?rest_route=\/wp\/v2\/users\/2"}],"replies":[{"embeddable":true,"href":"https:\/\/zonaroja.com.mx\/index.php?rest_route=%2Fwp%2Fv2%2Fcomments&post=42271"}],"version-history":[{"count":3,"href":"https:\/\/zonaroja.com.mx\/index.php?rest_route=\/wp\/v2\/posts\/42271\/revisions"}],"predecessor-version":[{"id":42274,"href":"https:\/\/zonaroja.com.mx\/index.php?rest_route=\/wp\/v2\/posts\/42271\/revisions\/42274"}],"wp:featuredmedia":[{"embeddable":true,"href":"https:\/\/zonaroja.com.mx\/index.php?rest_route=\/wp\/v2\/media\/19754"}],"wp:attachment":[{"href":"https:\/\/zonaroja.com.mx\/index.php?rest_route=%2Fwp%2Fv2%2Fmedia&parent=42271"}],"wp:term":[{"taxonomy":"category","embeddable":true,"href":"https:\/\/zonaroja.com.mx\/index.php?rest_route=%2Fwp%2Fv2%2Fcategories&post=42271"},{"taxonomy":"post_tag","embeddable":true,"href":"https:\/\/zonaroja.com.mx\/index.php?rest_route=%2Fwp%2Fv2%2Ftags&post=42271"}],"curies":[{"name":"wp","href":"https:\/\/api.w.org\/{rel}","templated":true}]}}