{"id":42277,"date":"2022-06-11T20:18:03","date_gmt":"2022-06-12T01:18:03","guid":{"rendered":"http:\/\/www.zonaroja.com.mx\/?p=42277"},"modified":"2022-06-11T20:20:15","modified_gmt":"2022-06-12T01:20:15","slug":"identifican-a-ejecutados-en-tepuxtepec-mixe-fueron-torturados-y-calcinados","status":"publish","type":"post","link":"https:\/\/zonaroja.com.mx\/?p=42277","title":{"rendered":"Identifican a ejecutados en Tepuxtepec Mixe; fueron torturados y calcinados"},"content":{"rendered":"\n<p>Ismael Garc\u00eda M.\/Zona Roja.<\/p>\n\n\n\n<p>Oaxaca de Ju\u00e1rez, Oax., 11 de junio de 2022.- Como Uriel Dom\u00ednguez Garc\u00eda, alias \u201cEl Toro\u201d o \u201cEl Torito\u201d, y Clever Juvenal P\u00e9rez, fueron identificadas las dos personas ejecutadas hoy en Santo Domingo Tepuxtepec Mixe, que adem\u00e1s fueron torturadas y calcinadas.<\/p>\n\n\n\n<p>Seg\u00fan las primeras indagatorias de la Agencia Estatal de Investigaciones (AEI), el caso podr\u00eda estar relacionado con los tres j\u00f3venes mixes que fueron asesinados el pasado 22 de febrero en Phoenix, Arizona, Estados Unidos, y eran originarios de Tepuxtepec.<\/p>\n\n\n\n<p>De acuerdo con informes policiacos, fueron ultimados la madrugada de hoy en el interior de un veh\u00edculo, en la comunidad de Llano Palma, de dicho municipio de la regi\u00f3n Sierra Norte y perteneciente al distrito Mixe.<\/p>\n\n\n\n<p>Presuntamente hay dos personas m\u00e1s lesionadas, que ser\u00edan mujeres, pero hasta el momento se desconoce el paradero de ellas.<\/p>\n\n\n\n<p>Al medio d\u00eda, un grupo de pobladores se apoder\u00f3 del palacio municipal de Tepuxtepec, para exigir la entrega de los cad\u00e1veres, lo cual finalmente se realiz\u00f3 tras los peritajes correspondientes.<\/p>\n\n\n\n<p>A trav\u00e9s de redes sociales, la Fiscal\u00eda General del Estado de Oaxaca inform\u00f3 que dio inicio a la Carpeta de Investigaci\u00f3n correspondiente, a fin de buscar a los responsables del doble homicidio que, seg\u00fan difundi\u00f3, ocurri\u00f3 en la comunidad de Llano Crucero.<\/p>\n","protected":false},"excerpt":{"rendered":"<p>Ismael Garc\u00eda M.\/Zona Roja. Oaxaca de Ju\u00e1rez, Oax., 11 de junio de 2022.- Como Uriel&hellip;<\/p>\n","protected":false},"author":2,"featured_media":42278,"comment_status":"closed","ping_status":"open","sticky":false,"template":"","format":"standard","meta":{"_lmt_disableupdate":"","_lmt_disable":"","_jetpack_memberships_contains_paid_content":false,"footnotes":""},"categories":[109,51],"tags":[3049],"class_list":["post-42277","post","type-post","status-publish","format-standard","has-post-thumbnail","hentry","category-minuto-a-minuto","category-zona-roja","tag-santo-domingo-tepuxtepec"],"jetpack_featured_media_url":"https:\/\/zonaroja.com.mx\/wp-content\/uploads\/2022\/06\/Calcinados-Tepuxtepec-Oaxaca.jpg","jetpack_sharing_enabled":true,"_links":{"self":[{"href":"https:\/\/zonaroja.com.mx\/index.php?rest_route=\/wp\/v2\/posts\/42277","targetHints":{"allow":["GET"]}}],"collection":[{"href":"https:\/\/zonaroja.com.mx\/index.php?rest_route=\/wp\/v2\/posts"}],"about":[{"href":"https:\/\/zonaroja.com.mx\/index.php?rest_route=\/wp\/v2\/types\/post"}],"author":[{"embeddable":true,"href":"https:\/\/zonaroja.com.mx\/index.php?rest_route=\/wp\/v2\/users\/2"}],"replies":[{"embeddable":true,"href":"https:\/\/zonaroja.com.mx\/index.php?rest_route=%2Fwp%2Fv2%2Fcomments&post=42277"}],"version-history":[{"count":2,"href":"https:\/\/zonaroja.com.mx\/index.php?rest_route=\/wp\/v2\/posts\/42277\/revisions"}],"predecessor-version":[{"id":42280,"href":"https:\/\/zonaroja.com.mx\/index.php?rest_route=\/wp\/v2\/posts\/42277\/revisions\/42280"}],"wp:featuredmedia":[{"embeddable":true,"href":"https:\/\/zonaroja.com.mx\/index.php?rest_route=\/wp\/v2\/media\/42278"}],"wp:attachment":[{"href":"https:\/\/zonaroja.com.mx\/index.php?rest_route=%2Fwp%2Fv2%2Fmedia&parent=42277"}],"wp:term":[{"taxonomy":"category","embeddable":true,"href":"https:\/\/zonaroja.com.mx\/index.php?rest_route=%2Fwp%2Fv2%2Fcategories&post=42277"},{"taxonomy":"post_tag","embeddable":true,"href":"https:\/\/zonaroja.com.mx\/index.php?rest_route=%2Fwp%2Fv2%2Ftags&post=42277"}],"curies":[{"name":"wp","href":"https:\/\/api.w.org\/{rel}","templated":true}]}}