{"id":42281,"date":"2022-06-11T21:26:39","date_gmt":"2022-06-12T02:26:39","guid":{"rendered":"http:\/\/www.zonaroja.com.mx\/?p=42281"},"modified":"2022-06-11T21:26:41","modified_gmt":"2022-06-12T02:26:41","slug":"rehabilitacion-ferrea-del-istmo-para-corredor-interoceanico-va-al-75","status":"publish","type":"post","link":"https:\/\/zonaroja.com.mx\/?p=42281","title":{"rendered":"Rehabilitaci\u00f3n f\u00e9rrea del Istmo para Corredor Interoce\u00e1nico va al 75%"},"content":{"rendered":"\n<p>Yuridiana Sosa.\/Zona Roja.<\/p>\n\n\n\n<p>Oaxaca de Ju\u00e1rez, Oax., 11 de junio e 2022.- La rehabilitaci\u00f3n del ferrocarril del Istmo de Tehuantepec, para el Corredor Interoce\u00e1nico, presenta un avance del 75 por ciento, y en el cual se han invertido dos mil 152 millones de pesos, inform\u00f3 el Director General del Corredor Interoce\u00e1nico del Istmo de Tehuantepec, Rafael Mar\u00edn Mollinedo, en la gira presidencial.<\/p>\n\n\n\n<p>En su visita al municipio portuario de Salina Cruz, Oaxaca, donde el Presidente Andr\u00e9s Manuel L\u00f3pez Obrador, junto con el gobernador Alejandro Murat, inspeccion\u00f3 tambi\u00e9n la refiner\u00eda, Mar\u00edn Mollinedo detall\u00f3 sobre los trabajos que se realizan para concretar uno de los proyectos m\u00e1s importantes de la administraci\u00f3n federal.<\/p>\n\n\n\n<p>Para la rehabilitaci\u00f3n de la v\u00eda f\u00e9rrea este 2022 se destinar\u00e1 un total de cinco mil 377 millones de pesos para su conclusi\u00f3n y puesta en marcha del tren de carga y pasajero.<\/p>\n\n\n\n<p>El director general sostuvo que con este proyecto del Istmo se sientan las bases para el crecimiento econ\u00f3mico de la regi\u00f3n y el bienestar de la poblaci\u00f3n a trav\u00e9s de la inversi\u00f3n p\u00fablica en infraestructura, transporte, parques industriales e inversi\u00f3n privada.<\/p>\n\n\n\n<p>En el desarrollo de los puertos de Salina Cruz y Coatzacoalcos, Veracruz, se consideran 15 obras con una inversi\u00f3n de nueve mil 300 millones de pesos.<\/p>\n\n\n\n<p>Respecto a la infraestructura carretera, se realiza la modernizaci\u00f3n de la v\u00eda La Ventosa-Acayucan, con m\u00e1s de cuatro mil millones de pesos.<\/p>\n\n\n\n<p>Mientras que en la nueva autopista Mitla-Tehuantepec, en Oaxaca, se invierten 30 mil millones de pesos, pero adicionalmente se han destinado para el Istmo 260 millones de pesos para la rehabilitaci\u00f3n de 374 kil\u00f3metros de caminos rurales; mientras que en el segundo semestre de este a\u00f1o se comenzar\u00e1 con la instalaci\u00f3n de fibra \u00f3ptica en la zona.<\/p>\n\n\n\n<p>En el corredor energ\u00e9tico del Istmo se desarrolla la construcci\u00f3n de un gasoducto con una inversi\u00f3n de 10 mil millones de pesos y 10 parques industriales. Adem\u00e1s, se realizan estudios y se tienen inversionistas privados interesados en la construcci\u00f3n de una terminal de gas licuado en Salina Cruz.<\/p>\n\n\n\n<figure class=\"wp-block-embed is-type-rich is-provider-twitter wp-block-embed-twitter\"><div class=\"wp-block-embed__wrapper\">\n<div class=\"twitter-tweet\"><blockquote class=\"twitter-tweet\" data-lang=\"es\"><p lang=\"es\" dir=\"ltr\"><a href=\"https:\/\/twitter.com\/hashtag\/%C3%9AltimoMinuto?src=hash&amp;ref_src=twsrc%5Etfw\">#\u00daltimoMinuto<\/a> <br>Este es parte del mensaje del gobernador <a href=\"https:\/\/twitter.com\/alejandromurat?ref_src=twsrc%5Etfw\">@alejandromurat<\/a> en Salina Cruz, <a href=\"https:\/\/twitter.com\/hashtag\/Oaxaca?src=hash&amp;ref_src=twsrc%5Etfw\">#Oaxaca<\/a>, donde el Presidente <a href=\"https:\/\/twitter.com\/lopezobrador_?ref_src=twsrc%5Etfw\">@lopezobrador_<\/a> supervisa la modernizaci\u00f3n del puerto. <a href=\"https:\/\/t.co\/xzmO5O63n5\">pic.twitter.com\/xzmO5O63n5<\/a><\/p>&mdash; Zona Roja Oaxaca (@ZonaRoja_Oaxaca) <a href=\"https:\/\/twitter.com\/ZonaRoja_Oaxaca\/status\/1535667746645716993?ref_src=twsrc%5Etfw\">11 de junio de 2022<\/a><\/blockquote><\/div>\n<\/div><\/figure>\n\n\n\n<p>PIDE APOYO PARA CONCRETAR PROYECTOS<\/p>\n\n\n\n<p>En su visita 31 a Oaxaca, el presidente de M\u00e9xico, Andr\u00e9s Manuel L\u00f3pez Obrador, se\u00f1al\u00f3 que el desarrollo del Istmo es todo un desaf\u00edo que deben cumplir en el poco tiempo que resta de su administraci\u00f3n, del que espera despedirse con al menos tres magnas obras en esta zona del pa\u00eds.<\/p>\n\n\n\n<p>Destac\u00f3 que para seguir logrando avances es importante seguir informando a la gente para que apoyen con este avance en beneficio del mismo pueblo, al tiempo que con el crecimiento del sur-sureste, el pa\u00eds tendr\u00e1 un desarrollo horizontal en todas sus zonas.<\/p>\n\n\n\n<p>Por ello, para su protecci\u00f3n y defensa, tras su periodo de gobierno \u2013y por si regresa al poder el gobierno neoliberal- las obras de los puertos, ferroviarias y parques industriales quedar\u00e1n en manos de la Secretar\u00eda de Marina.<\/p>\n\n\n\n<p>El Presidente detall\u00f3 que antes de culminar su sexenio espera al menos dejar en funciones los dos puertos, de Salina Cruz y Coatzacoalcos, as\u00ed como la v\u00eda f\u00e9rrea.<\/p>\n\n\n\n<p>Adem\u00e1s, de un gasoducto desde Coatzacoalcos a Salina Cruz, y con ello poder realizar exportaciones a Asia, eso implica tambi\u00e9n la construcci\u00f3n de una planta en Oaxaca que representar\u00eda una inversi\u00f3n de 60 mil millones de pesos.<\/p>\n\n\n\n<p>Por lo que espera que a m\u00e1s tardar en un a\u00f1o se cuente con el tendido del gasoducto y en paralelo, la licitaci\u00f3n para la construcci\u00f3n de la planta.<\/p>\n\n\n\n<p>Otro de los proyectos es una planta coquizadora en el puerto de Oaxaca, en la que se refinar\u00e1 el combust\u00f3leo para convertirlo en m\u00e1s gasolina y diesel, con otra inversi\u00f3n de 60 mil millones de pesos.<\/p>\n\n\n\n<p>Agreg\u00f3 que ya cuentan con dos mil 500 hect\u00e1reas para los 10 parques industriales de Salina Cruz a Coatzacoalcos.<\/p>\n\n\n\n<p>L\u00f3pez Obrador reafirm\u00f3 su compromiso con Oaxaca, a donde los programas sociales van a seguir llegando y van a seguir los apoyos a los damnificados, tanto para los recientemente afectados como por los sismos.<\/p>\n","protected":false},"excerpt":{"rendered":"<p>Yuridiana Sosa.\/Zona Roja. Oaxaca de Ju\u00e1rez, Oax., 11 de junio e 2022.- La rehabilitaci\u00f3n del&hellip;<\/p>\n","protected":false},"author":2,"featured_media":42282,"comment_status":"closed","ping_status":"open","sticky":false,"template":"","format":"standard","meta":{"_lmt_disableupdate":"","_lmt_disable":"","_jetpack_memberships_contains_paid_content":false,"footnotes":""},"categories":[109,46],"tags":[143],"class_list":["post-42281","post","type-post","status-publish","format-standard","has-post-thumbnail","hentry","category-minuto-a-minuto","category-zona-blanca","tag-andres-manuel-lopez-obrador"],"jetpack_featured_media_url":"https:\/\/zonaroja.com.mx\/wp-content\/uploads\/2022\/06\/Andres-Manuel-Lopez-Obrador-y-Murat-en-Salina-Cruz.jpg","jetpack_sharing_enabled":true,"_links":{"self":[{"href":"https:\/\/zonaroja.com.mx\/index.php?rest_route=\/wp\/v2\/posts\/42281","targetHints":{"allow":["GET"]}}],"collection":[{"href":"https:\/\/zonaroja.com.mx\/index.php?rest_route=\/wp\/v2\/posts"}],"about":[{"href":"https:\/\/zonaroja.com.mx\/index.php?rest_route=\/wp\/v2\/types\/post"}],"author":[{"embeddable":true,"href":"https:\/\/zonaroja.com.mx\/index.php?rest_route=\/wp\/v2\/users\/2"}],"replies":[{"embeddable":true,"href":"https:\/\/zonaroja.com.mx\/index.php?rest_route=%2Fwp%2Fv2%2Fcomments&post=42281"}],"version-history":[{"count":1,"href":"https:\/\/zonaroja.com.mx\/index.php?rest_route=\/wp\/v2\/posts\/42281\/revisions"}],"predecessor-version":[{"id":42283,"href":"https:\/\/zonaroja.com.mx\/index.php?rest_route=\/wp\/v2\/posts\/42281\/revisions\/42283"}],"wp:featuredmedia":[{"embeddable":true,"href":"https:\/\/zonaroja.com.mx\/index.php?rest_route=\/wp\/v2\/media\/42282"}],"wp:attachment":[{"href":"https:\/\/zonaroja.com.mx\/index.php?rest_route=%2Fwp%2Fv2%2Fmedia&parent=42281"}],"wp:term":[{"taxonomy":"category","embeddable":true,"href":"https:\/\/zonaroja.com.mx\/index.php?rest_route=%2Fwp%2Fv2%2Fcategories&post=42281"},{"taxonomy":"post_tag","embeddable":true,"href":"https:\/\/zonaroja.com.mx\/index.php?rest_route=%2Fwp%2Fv2%2Ftags&post=42281"}],"curies":[{"name":"wp","href":"https:\/\/api.w.org\/{rel}","templated":true}]}}