{"id":42287,"date":"2022-06-12T08:56:00","date_gmt":"2022-06-12T13:56:00","guid":{"rendered":"http:\/\/www.zonaroja.com.mx\/?p=42287"},"modified":"2022-06-12T06:57:47","modified_gmt":"2022-06-12T11:57:47","slug":"interceptan-ejidatarios-de-mogone-a-amlo-presidente-ofrece-solucion","status":"publish","type":"post","link":"https:\/\/zonaroja.com.mx\/?p=42287","title":{"rendered":"Interceptan ejidatarios de Mogo\u00f1\u00e9 a AMLO; Presidente ofrece soluci\u00f3n"},"content":{"rendered":"\n<p>Ismael Garc\u00eda M.\/Zona Roja. Foto: Archivo<\/p>\n\n\n\n<p>Oaxaca de Ju\u00e1rez, Oax., 12 de junio de 2022.- En su tercer y \u00faltimo d\u00eda por Oaxaca, el Presidente Andr\u00e9s Manuel L\u00f3pez Obrador fue interceptado por pobladores de Estaci\u00f3n Mogo\u00f1\u00e9, en la carretera Trans\u00edstmica, a la altura de San Juan Guichicovi.<\/p>\n\n\n\n<p>Ello a 10 d\u00edas que iniciaron protestas en dicho ejido, para demandar al gobierno federal una indemnizaci\u00f3n justa de sus tierras, por las que pasa el tren que cruza del puerto de Salina Cruz hacia Veracruz y que forma parte del proyecto del Corredor Interoce\u00e1nico.<\/p>\n\n\n\n<p>Seg\u00fan expusieron los ejidatarios ante el mandatario mexicano, la Secretar\u00eda de Desarrollo Territorial y Urbano (Sedatu) les quiere pagar 22 mil pesos por hect\u00e1rea, cuando los avalaos que han hecho tasan entre 80 mil, 150 mil y 220 mil pesos.<\/p>\n\n\n\n<p>Ante ello, y desde el interior de su camioneta, L\u00f3pez Obrador atendi\u00f3 a los inconformes de Mogo\u00f1\u00e9 y ofreci\u00f3 realizar un nuevo aval\u00fao de tierras, en aproximadamente tres mil hect\u00e1reas que dar\u00edan al Corredor Interoce\u00e1nico.<\/p>\n\n\n\n<p>\u201cLes quiero decir una cosa clarito para que no haya malos entendidos, nosotros somos servidores p\u00fablicos, el presupuesto es p\u00fablico y es dinero del pueblo. Yo soy simplemente administrador de los dineros del pueblo, entendido, para ayudar a los pobres.<\/p>\n\n\n\n<p>\u201cYo no puedo dar dinero si no es a trav\u00e9s de un aval\u00fao, se va a mandar a hacer un aval\u00fao porque ustedes no aceptan el aval\u00fao, yo voy a mandar a hacer otro, personalmente, y lo que resulte eso va a ser\u201d, les dijo el Presidente.<\/p>\n\n\n\n<p>Indic\u00f3 que el pr\u00f3ximo 16 de junio un representante del gobierno federal les informar\u00e1 acerca del nuevo aval\u00fao y de ah\u00ed ambas partes tomar\u00e1n la decisi\u00f3n correspondiente.<\/p>\n\n\n\n<p>Luego de ser escuchados, los ejidatarios retiraron troncos y piedras de la carretera, para permitir el paso del Ejecutivo federal, que lleg\u00f3 ayer por la noche a Veracruz.<\/p>\n\n\n\n<p>L\u00f3pez Obrador lleg\u00f3 el jueves por la noche a Oaxaca, donde sostuvo una reuni\u00f3n de trabajo con funcionarios federales y estatales en Huatulco para evaluar las afectaciones por el hurac\u00e1n \u201cAgatha\u201d.<\/p>\n\n\n\n<p>El viernes presidi\u00f3 la conferencia matutina desde Huatulco, para luego acudir a Pluma Hidalgo y a Mazunte, a dialogar con los perjudicados por el fen\u00f3meno meteorol\u00f3gico; por la ma\u00f1ana de ayer s\u00e1bado en Salina Cruz evalu\u00f3 los trabajos del Corredor Interoce\u00e1nico.<\/p>\n","protected":false},"excerpt":{"rendered":"<p>Ismael Garc\u00eda M.\/Zona Roja. Foto: Archivo Oaxaca de Ju\u00e1rez, Oax., 12 de junio de 2022.-&hellip;<\/p>\n","protected":false},"author":2,"featured_media":42288,"comment_status":"closed","ping_status":"open","sticky":false,"template":"","format":"standard","meta":{"_lmt_disableupdate":"","_lmt_disable":"","_jetpack_memberships_contains_paid_content":false,"footnotes":""},"categories":[109,47],"tags":[143,2765],"class_list":["post-42287","post","type-post","status-publish","format-standard","has-post-thumbnail","hentry","category-minuto-a-minuto","category-zona-gris","tag-andres-manuel-lopez-obrador","tag-mogone-san-juan-guichicovi"],"jetpack_featured_media_url":"https:\/\/zonaroja.com.mx\/wp-content\/uploads\/2022\/06\/Bloqueo-Mogone-Guichicovi.jpg","jetpack_sharing_enabled":true,"_links":{"self":[{"href":"https:\/\/zonaroja.com.mx\/index.php?rest_route=\/wp\/v2\/posts\/42287","targetHints":{"allow":["GET"]}}],"collection":[{"href":"https:\/\/zonaroja.com.mx\/index.php?rest_route=\/wp\/v2\/posts"}],"about":[{"href":"https:\/\/zonaroja.com.mx\/index.php?rest_route=\/wp\/v2\/types\/post"}],"author":[{"embeddable":true,"href":"https:\/\/zonaroja.com.mx\/index.php?rest_route=\/wp\/v2\/users\/2"}],"replies":[{"embeddable":true,"href":"https:\/\/zonaroja.com.mx\/index.php?rest_route=%2Fwp%2Fv2%2Fcomments&post=42287"}],"version-history":[{"count":1,"href":"https:\/\/zonaroja.com.mx\/index.php?rest_route=\/wp\/v2\/posts\/42287\/revisions"}],"predecessor-version":[{"id":42289,"href":"https:\/\/zonaroja.com.mx\/index.php?rest_route=\/wp\/v2\/posts\/42287\/revisions\/42289"}],"wp:featuredmedia":[{"embeddable":true,"href":"https:\/\/zonaroja.com.mx\/index.php?rest_route=\/wp\/v2\/media\/42288"}],"wp:attachment":[{"href":"https:\/\/zonaroja.com.mx\/index.php?rest_route=%2Fwp%2Fv2%2Fmedia&parent=42287"}],"wp:term":[{"taxonomy":"category","embeddable":true,"href":"https:\/\/zonaroja.com.mx\/index.php?rest_route=%2Fwp%2Fv2%2Fcategories&post=42287"},{"taxonomy":"post_tag","embeddable":true,"href":"https:\/\/zonaroja.com.mx\/index.php?rest_route=%2Fwp%2Fv2%2Ftags&post=42287"}],"curies":[{"name":"wp","href":"https:\/\/api.w.org\/{rel}","templated":true}]}}