{"id":42290,"date":"2022-06-12T07:31:13","date_gmt":"2022-06-12T12:31:13","guid":{"rendered":"http:\/\/www.zonaroja.com.mx\/?p=42290"},"modified":"2022-06-12T07:31:15","modified_gmt":"2022-06-12T12:31:15","slug":"despide-oaxaca-a-lopez-obrador-con-ocho-asesinados-el-sabado","status":"publish","type":"post","link":"https:\/\/zonaroja.com.mx\/?p=42290","title":{"rendered":"Despide Oaxaca a L\u00f3pez Obrador con ocho asesinados, el s\u00e1bado"},"content":{"rendered":"\n<p>Ismael Garc\u00eda M.\/Zona Roja.<\/p>\n\n\n\n<p>Oaxaca de Ju\u00e1rez, Oax., a 12 de junio de 2022.- En menos de 24 horas, ocho personas fueron asesinadas en comunidades de las regiones Istmo de Tehuantepec, Sierra Norte y Costa.<\/p>\n\n\n\n<p>Ello en el \u00faltimo d\u00eda de visita del titular del Ejecutivo federal, Andr\u00e9s Manuel L\u00f3pez Obrador, quien arrib\u00f3 a Huatulco el pasado jueves por la tarde y se retir\u00f3 ayer tambi\u00e9n por la tarde, desde el Istmo con rumbo a Veracruz.<\/p>\n\n\n\n<p>El m\u00e1s reciente crimen ocurri\u00f3 anoche en la calle principal de Salinas del Marqu\u00e9s, agencia del municipio istme\u00f1o de Salina Cruz, donde por la ma\u00f1ana estuvo L\u00f3pez Obrador.<\/p>\n\n\n\n<p>Dos ocupantes de un veh\u00edculo marca Nissan, tipo Tsuru, fueron atacados a balazos y en el sitio perdi\u00f3 la vida el joven Rolando Toledo Maya, de 26 a\u00f1os de edad; su acompa\u00f1ante, una mujer, fue trasladada a un hospital.<\/p>\n\n\n\n<p>Previo a esos hechos, durante el s\u00e1bado ocurrieron tambi\u00e9n el asesinato de dos elementos de la Polic\u00eda Auxiliar, Bancaria, Industrial y Comercial (PABIC) en la agencia Santa In\u00e9s, del municipio istme\u00f1o de San Pedro Tapanatepec.<\/p>\n\n\n\n<p>Las v\u00edctimas fueron identificadas como Gilberto Valdivieso S\u00e1nchez y Bernardo Blas Pineda, quienes murieron en cumplimiento de su deber.&nbsp;<\/p>\n\n\n\n<p>En la madrugada de ayer, en la comunidad de Llano Crucero, del municipio serrano de Santo Domingo Tepuxtepec Mixe, fueron asesinados e incinerados dos individuos, junto con su camioneta, identificados como Uriel Dom\u00ednguez Garc\u00eda y Clever Juvenal P\u00e9rez.<\/p>\n\n\n\n<p>Tambi\u00e9n ayer en la madrugada, en la comunidad coste\u00f1a de Collantes, perteneciente al municipio de Santiago Pinotepa Nacional, fueron ejecutadas tres personas, Amalio G. S., de 48 a\u00f1os de edad; Rafael L. D., de 42 a\u00f1os, y Mar\u00eda Isabel C. V., de 27 a\u00f1os.&nbsp;<\/p>\n\n\n\n<p>Los dos primeros eran originarios de Pinotepa Nacional y la mujer de San Juan Cacahuatepec. En todos los casos no hay personas detenidas.<\/p>\n","protected":false},"excerpt":{"rendered":"<p>Ismael Garc\u00eda M.\/Zona Roja. Oaxaca de Ju\u00e1rez, Oax., a 12 de junio de 2022.- En&hellip;<\/p>\n","protected":false},"author":2,"featured_media":42291,"comment_status":"closed","ping_status":"open","sticky":false,"template":"","format":"standard","meta":{"_lmt_disableupdate":"","_lmt_disable":"","_jetpack_memberships_contains_paid_content":false,"footnotes":""},"categories":[109,51],"tags":[168],"class_list":["post-42290","post","type-post","status-publish","format-standard","has-post-thumbnail","hentry","category-minuto-a-minuto","category-zona-roja","tag-salina-cruz"],"jetpack_featured_media_url":"https:\/\/zonaroja.com.mx\/wp-content\/uploads\/2022\/06\/Asesinado-Salina-Cruz-11junio.jpg","jetpack_sharing_enabled":true,"_links":{"self":[{"href":"https:\/\/zonaroja.com.mx\/index.php?rest_route=\/wp\/v2\/posts\/42290","targetHints":{"allow":["GET"]}}],"collection":[{"href":"https:\/\/zonaroja.com.mx\/index.php?rest_route=\/wp\/v2\/posts"}],"about":[{"href":"https:\/\/zonaroja.com.mx\/index.php?rest_route=\/wp\/v2\/types\/post"}],"author":[{"embeddable":true,"href":"https:\/\/zonaroja.com.mx\/index.php?rest_route=\/wp\/v2\/users\/2"}],"replies":[{"embeddable":true,"href":"https:\/\/zonaroja.com.mx\/index.php?rest_route=%2Fwp%2Fv2%2Fcomments&post=42290"}],"version-history":[{"count":1,"href":"https:\/\/zonaroja.com.mx\/index.php?rest_route=\/wp\/v2\/posts\/42290\/revisions"}],"predecessor-version":[{"id":42292,"href":"https:\/\/zonaroja.com.mx\/index.php?rest_route=\/wp\/v2\/posts\/42290\/revisions\/42292"}],"wp:featuredmedia":[{"embeddable":true,"href":"https:\/\/zonaroja.com.mx\/index.php?rest_route=\/wp\/v2\/media\/42291"}],"wp:attachment":[{"href":"https:\/\/zonaroja.com.mx\/index.php?rest_route=%2Fwp%2Fv2%2Fmedia&parent=42290"}],"wp:term":[{"taxonomy":"category","embeddable":true,"href":"https:\/\/zonaroja.com.mx\/index.php?rest_route=%2Fwp%2Fv2%2Fcategories&post=42290"},{"taxonomy":"post_tag","embeddable":true,"href":"https:\/\/zonaroja.com.mx\/index.php?rest_route=%2Fwp%2Fv2%2Ftags&post=42290"}],"curies":[{"name":"wp","href":"https:\/\/api.w.org\/{rel}","templated":true}]}}