{"id":42295,"date":"2022-06-12T11:43:00","date_gmt":"2022-06-12T16:43:00","guid":{"rendered":"http:\/\/www.zonaroja.com.mx\/?p=42295"},"modified":"2022-06-12T07:50:05","modified_gmt":"2022-06-12T12:50:05","slug":"otras-13-mujeres-son-reportadas-como-desaparecidas-en-oaxaca","status":"publish","type":"post","link":"https:\/\/zonaroja.com.mx\/?p=42295","title":{"rendered":"Otras 13 mujeres son reportadas como desaparecidas en Oaxaca"},"content":{"rendered":"\n<p>Yuridiana Sosa\/Zona Roja.<\/p>\n\n\n\n<p>Oaxaca de Ju\u00e1rez, Oax., Oax., 12 de junio de 2022.- La edad de las mujeres que son reportadas como desaparecidas cada vez es m\u00e1s variable, sin embargo, prevalecen los casos en las adolescentes, como ocurri\u00f3 una vez m\u00e1s en el transcurso de esta semana.<\/p>\n\n\n\n<p>Por medio de la Unidad de B\u00fasqueda de Personas Desaparecidas y No Localizadas, de la Fiscal\u00eda General de Oaxaca, se mantienen activas fichas para la localizaci\u00f3n de 13 mujeres, dos de ellas con \u201cAlerta Rosa\u201d, adem\u00e1s de un ni\u00f1o menor de edad y dos adultos.<\/p>\n\n\n\n<p>Este s\u00e1bado se emiti\u00f3 una ficha de \u201cAlerta Rosa\u201d por la desaparici\u00f3n de Ivonne Mart\u00ednez Mart\u00ednez, de 31 a\u00f1os de edad, quien fue vista por \u00faltima vez el 10 de junio en Santa Rosa Panzacola, ciudad de Oaxaca.&nbsp;<\/p>\n\n\n\n<p>Adem\u00e1s, se report\u00f3 la desaparici\u00f3n de Oyuki Sosa Chac\u00f3n, de 17 a\u00f1os de edad, vista por vista por \u00faltima vez el 11 de junio en Juchit\u00e1n de Zaragoza.<\/p>\n\n\n\n<p>Guadalupe Velasco L\u00f3pez, de 26 a\u00f1os, desapareci\u00f3 tras ser vista en Santo Tom\u00e1s Jalieza; en ese mismo lugar y fecha, tambi\u00e9n se report\u00f3 la no localizaci\u00f3n de los menores Leticia Mart\u00ednez Velasco, de dos a\u00f1os, Alisson Itandehui Velasco L\u00f3pez, de siete a\u00f1os, y de Silverio Mart\u00ednez Velasco, para quienes se emitieron fichas de forma separada.<\/p>\n\n\n\n<p>Por la desaparici\u00f3n de Denisse Guadalupe Su\u00e1rez Torres, de 12 a\u00f1os, se emiti\u00f3 ficha con \u201cAlerta Rosa\u201d, luego de ser vista por \u00faltima vez el 8 de junio en la colonia Santa Teresita, de la comunidad de Yetla de Ju\u00e1rez de Santo Domingo Tonal\u00e1.<\/p>\n\n\n\n<p>Las autoridades piden colaboraci\u00f3n de la poblaci\u00f3n para la localizaci\u00f3n de Dalia Julieta Ignacio Carrera, de 14 a\u00f1os, quien fue vista desde el pasado 5 de junio en la comunidad de La Laguna de San Pedro Ixcatlan.<\/p>\n\n\n\n<p>Reyna Rosario L\u00f3pez Villanueva de 30 a\u00f1os de edad, no regres\u00f3 a casa luego que fue vista en el Barrio El Zapote, de San Jos\u00e9 Garzona del municipio de San Jos\u00e9 Del Progreso el pasado 7 de junio.<\/p>\n\n\n\n<p>De forma conjunta se report\u00f3 la desaparici\u00f3n de otra familia, de una madre y sus tres hijas. Se trata del caso de Sof\u00eda L\u00f3pez Cort\u00e9s, de 32 a\u00f1os y Yamilet Demis, Soe y Valeria Aliss\u00f3n de Apellidos Igarede L\u00f3pez, de 10, seis y dos a\u00f1os de edad, respectivamente, vistos por \u00faltima vez el 15 de enero en la colonia Guardado del municipio de Villa de Zaachila.<\/p>\n\n\n\n<p>Otro caso se registr\u00f3 en la colonia Mar\u00eda Luisa de San Juan Bautista Tuxtepec, donde desapareci\u00f3 Diana Paola Pe\u00f1a Mart\u00ednez de 14 a\u00f1os de edad el pasado 6 de junio.<\/p>\n\n\n\n<p>VARONES<\/p>\n\n\n\n<p>Entre las fichas de b\u00fasqueda de caso de varones siguen activas la del caso de Ces\u00e1reo Morales L\u00f3pez de 27 a\u00f1os, visto por \u00faltima vez el 5 de junio en Santa Mar\u00eda Chilchotla, mismo lugar y fecha donde tambi\u00e9n se reporta la desaparici\u00f3n de \u00c1ngel Garc\u00eda Bravo de 32 A\u00f1os.<\/p>\n\n\n\n<p>Por otra parte, se busca a Emmanuel Fernando Santiago Hern\u00e1ndez, de 40 a\u00f1os, quien padece esquizofrenia. Fue visto por \u00faltima vez el 25 de mayo en el municipio de Tlacolula de Matamoros.<\/p>\n","protected":false},"excerpt":{"rendered":"<p>Yuridiana Sosa\/Zona Roja. Oaxaca de Ju\u00e1rez, Oax., Oax., 12 de junio de 2022.- La edad&hellip;<\/p>\n","protected":false},"author":2,"featured_media":42296,"comment_status":"closed","ping_status":"open","sticky":false,"template":"","format":"standard","meta":{"_lmt_disableupdate":"","_lmt_disable":"","_jetpack_memberships_contains_paid_content":false,"footnotes":""},"categories":[109,47],"tags":[455],"class_list":["post-42295","post","type-post","status-publish","format-standard","has-post-thumbnail","hentry","category-minuto-a-minuto","category-zona-gris","tag-mujeres-desaparecidas-oaxaca"],"jetpack_featured_media_url":"https:\/\/zonaroja.com.mx\/wp-content\/uploads\/2022\/06\/Desaparecidas-Oaxaca.jpg","jetpack_sharing_enabled":true,"_links":{"self":[{"href":"https:\/\/zonaroja.com.mx\/index.php?rest_route=\/wp\/v2\/posts\/42295","targetHints":{"allow":["GET"]}}],"collection":[{"href":"https:\/\/zonaroja.com.mx\/index.php?rest_route=\/wp\/v2\/posts"}],"about":[{"href":"https:\/\/zonaroja.com.mx\/index.php?rest_route=\/wp\/v2\/types\/post"}],"author":[{"embeddable":true,"href":"https:\/\/zonaroja.com.mx\/index.php?rest_route=\/wp\/v2\/users\/2"}],"replies":[{"embeddable":true,"href":"https:\/\/zonaroja.com.mx\/index.php?rest_route=%2Fwp%2Fv2%2Fcomments&post=42295"}],"version-history":[{"count":1,"href":"https:\/\/zonaroja.com.mx\/index.php?rest_route=\/wp\/v2\/posts\/42295\/revisions"}],"predecessor-version":[{"id":42297,"href":"https:\/\/zonaroja.com.mx\/index.php?rest_route=\/wp\/v2\/posts\/42295\/revisions\/42297"}],"wp:featuredmedia":[{"embeddable":true,"href":"https:\/\/zonaroja.com.mx\/index.php?rest_route=\/wp\/v2\/media\/42296"}],"wp:attachment":[{"href":"https:\/\/zonaroja.com.mx\/index.php?rest_route=%2Fwp%2Fv2%2Fmedia&parent=42295"}],"wp:term":[{"taxonomy":"category","embeddable":true,"href":"https:\/\/zonaroja.com.mx\/index.php?rest_route=%2Fwp%2Fv2%2Fcategories&post=42295"},{"taxonomy":"post_tag","embeddable":true,"href":"https:\/\/zonaroja.com.mx\/index.php?rest_route=%2Fwp%2Fv2%2Ftags&post=42295"}],"curies":[{"name":"wp","href":"https:\/\/api.w.org\/{rel}","templated":true}]}}